{"id":2366,"date":"2022-03-06T09:04:21","date_gmt":"2022-03-06T15:04:21","guid":{"rendered":"https:\/\/congresogro.gob.mx\/63\/inicio\/?p=2366"},"modified":"2022-03-11T20:47:35","modified_gmt":"2022-03-12T02:47:35","slug":"construyen-legislativo-y-ejecutivo-de-guerrero-un-historico-proceso-de-consulta-a-los-pueblos-indigenas-y-afromexicanos","status":"publish","type":"post","link":"https:\/\/congresogro.gob.mx\/63\/inicio\/2022\/03\/06\/construyen-legislativo-y-ejecutivo-de-guerrero-un-historico-proceso-de-consulta-a-los-pueblos-indigenas-y-afromexicanos\/","title":{"rendered":"CONSTRUYEN LEGISLATIVO Y EJECUTIVO DE GUERRERO UN HIST\u00d3RICO PROCESO DE CONSULTA A LOS PUEBLOS IND\u00cdGENAS Y AFROMEXICANOS"},"content":{"rendered":"<p style=\"text-align: justify;\"><strong>Chilpancingo, Gro., 06 marzo de 2022. &#8211; <\/strong>Para garantizar el Derecho a la Consulta de las Comunidades y los Pueblos Ind\u00edgenas y Afromexicanos, as\u00ed como para cumplir con las resoluciones de la Suprema Corte de Justicia de la Naci\u00f3n:<\/p>\n<p style=\"text-align: justify;\">Los Poderes Legislativo y Ejecutivo del Estado de Guerrero, de manera hist\u00f3rica y coordinada, construyen el primer proceso de consulta que cumple con los par\u00e1metros tanto internacionales como nacionales, y que son:\u00a0 Previos, Libres, Informados, Culturalmente Adecuados y, sobre todo, de Buena Fe.<\/p>\n<p style=\"text-align: justify;\">El objetivo de este in\u00c9dito proceso es que toda propuesta legislativa que implique una afectaci\u00f3n a los sistemas normativos internos de nuestros hermanos ind\u00edgenas y afromexicanos, sea consultado con ellos, en su lengua y de acuerdo a sus usos y costumbres.<\/p>\n<p style=\"text-align: justify;\">El proceso de consulta incluir\u00e1 a los pueblos originarios N\u00e1huatl, Mixteco, Tlapaneco y Amuzgo, considerando sus variables ling\u00fc\u00edsticas, y cuenta con el apoyo interinstitucional de int\u00e9rpretes, t\u00e9cnicos especialistas y expertos en la materia.<\/p>\n<p style=\"text-align: justify;\">Con lo anterior, Guerrero materializa y da legitimidad al Derecho a la Consulta a los Pueblos y Comunidades Ind\u00edgenas y Afromexicanas, y constituye un referente hist\u00f3rico a nivel nacional, por el universo de poblaci\u00f3n a consultar, la dispersi\u00f3n geogr\u00e1fica, la diversidad ling\u00fc\u00edstica y criterios poblacionales.<\/p>\n","protected":false},"excerpt":{"rendered":"<p>Chilpancingo, Gro., 06 marzo de 2022. &#8211; Para garantizar el Derecho a la Consulta de las Comunidades y los Pueblos Ind\u00edgenas y Afromexicanos, as\u00ed como para cumplir con las resoluciones de la Suprema Corte de Justicia de la Naci\u00f3n: Los Poderes Legislativo y Ejecutivo del Estado de Guerrero, de manera hist\u00f3rica y coordinada, construyen el&#8230;<\/p>\n","protected":false},"author":1,"featured_media":2368,"comment_status":"closed","ping_status":"open","sticky":false,"template":"","format":"standard","meta":{"_monsterinsights_skip_tracking":false,"_monsterinsights_sitenote_active":false,"_monsterinsights_sitenote_note":"","_monsterinsights_sitenote_category":0,"footnotes":""},"categories":[3,55],"tags":[],"class_list":["post-2366","post","type-post","status-publish","format-standard","has-post-thumbnail","hentry","category-boletin","category-consulta-2022"],"aioseo_notices":[],"_links":{"self":[{"href":"https:\/\/congresogro.gob.mx\/63\/inicio\/wp-json\/wp\/v2\/posts\/2366","targetHints":{"allow":["GET"]}}],"collection":[{"href":"https:\/\/congresogro.gob.mx\/63\/inicio\/wp-json\/wp\/v2\/posts"}],"about":[{"href":"https:\/\/congresogro.gob.mx\/63\/inicio\/wp-json\/wp\/v2\/types\/post"}],"author":[{"embeddable":true,"href":"https:\/\/congresogro.gob.mx\/63\/inicio\/wp-json\/wp\/v2\/users\/1"}],"replies":[{"embeddable":true,"href":"https:\/\/congresogro.gob.mx\/63\/inicio\/wp-json\/wp\/v2\/comments?post=2366"}],"version-history":[{"count":1,"href":"https:\/\/congresogro.gob.mx\/63\/inicio\/wp-json\/wp\/v2\/posts\/2366\/revisions"}],"predecessor-version":[{"id":2369,"href":"https:\/\/congresogro.gob.mx\/63\/inicio\/wp-json\/wp\/v2\/posts\/2366\/revisions\/2369"}],"wp:featuredmedia":[{"embeddable":true,"href":"https:\/\/congresogro.gob.mx\/63\/inicio\/wp-json\/wp\/v2\/media\/2368"}],"wp:attachment":[{"href":"https:\/\/congresogro.gob.mx\/63\/inicio\/wp-json\/wp\/v2\/media?parent=2366"}],"wp:term":[{"taxonomy":"category","embeddable":true,"href":"https:\/\/congresogro.gob.mx\/63\/inicio\/wp-json\/wp\/v2\/categories?post=2366"},{"taxonomy":"post_tag","embeddable":true,"href":"https:\/\/congresogro.gob.mx\/63\/inicio\/wp-json\/wp\/v2\/tags?post=2366"}],"curies":[{"name":"wp","href":"https:\/\/api.w.org\/{rel}","templated":true}]}}