{"id":2362,"date":"2022-03-06T09:03:25","date_gmt":"2022-03-06T15:03:25","guid":{"rendered":"https:\/\/congresogro.gob.mx\/63\/inicio\/?p=2362"},"modified":"2022-03-11T20:48:18","modified_gmt":"2022-03-12T02:48:18","slug":"realiza-el-congreso-tareas-a-marchas-forzadas-para-desahogar-asuntos-de-suma-relevancia-para-guerrero-sanchez-esquivel","status":"publish","type":"post","link":"https:\/\/congresogro.gob.mx\/63\/inicio\/2022\/03\/06\/realiza-el-congreso-tareas-a-marchas-forzadas-para-desahogar-asuntos-de-suma-relevancia-para-guerrero-sanchez-esquivel\/","title":{"rendered":"REALIZA EL CONGRESO TAREAS A MARCHAS FORZADAS PARA DESAHOGAR ASUNTOS DE SUMA RELEVANCIA PARA GUERRERO: S\u00c1NCHEZ ESQUIVEL"},"content":{"rendered":"<p style=\"text-align: justify;\"><strong>Chilpancingo, Gro., 06 de marzo de 2022.-<\/strong> El diputado Alfredo S\u00e1nchez Esquivel, presidente de la Junta de Coordinaci\u00f3n Pol\u00edtica, asegur\u00f3 que en el Congreso del Estado realizan labores de tiempo completo para poder desahogar asuntos de suma relevancia para el estado.<\/p>\n<p style=\"text-align: justify;\">Indic\u00f3 que estas tareas a marchas forzadas involucran las consultas a los pueblos originarios, con el objeto de cumplir el mandato de la Suprema Corte de Justicia de la Naci\u00f3n en relaci\u00f3n con diversas reformas en materia de derechos ind\u00edgenas, seguridad y electoral.<\/p>\n<p style=\"text-align: justify;\">Agreg\u00f3 que, firmemente apoyados por el cuerpo t\u00e9cnico y jur\u00eddico, las y los diputados llevan meses trabajando y presentan grandes avances, entre ellos el Protocolo recientemente aprobado para la realizaci\u00f3n de las consultas a los pueblos.<\/p>\n<p style=\"text-align: justify;\">\u201cSigue la etapa del territorio; en breve nos ver\u00e1n a los 46 representantes populares recorriendo el estado y sus comunidades para realizar el proceso de consulta, tal y como est\u00e1 programado\u201d, remarc\u00f3.<\/p>\n<p style=\"text-align: justify;\">En entrevista, el tambi\u00e9n coordinador del Grupo Parlamentario de Morena convoc\u00f3 al grueso de legisladores para abocarse en el trabajo que redunde en beneficios tangibles para el pueblo de Guerrero. \u201cMenos demagogia y m\u00e1s efectividad\u201d, urgi\u00f3.<\/p>\n<p style=\"text-align: justify;\">Adelant\u00f3 que en pr\u00f3ximos d\u00edas su grupo parlamentario estar\u00e1 presentando un informe sobre el avance de su agenda legislativa, al tiempo en que llam\u00f3 a los otros grupos y representaciones para, m\u00e1s all\u00e1 de ideolog\u00edas pol\u00edticas, predisponerse para poder construir una agenda en com\u00fan. \u201cEs menester en estos momentos, por el bien del estado; sin duda que podemos conjuntar agendas apoyados en nuestras coincidencias\u201d.<\/p>\n","protected":false},"excerpt":{"rendered":"<p>Chilpancingo, Gro., 06 de marzo de 2022.- El diputado Alfredo S\u00e1nchez Esquivel, presidente de la Junta de Coordinaci\u00f3n Pol\u00edtica, asegur\u00f3 que en el Congreso del Estado realizan labores de tiempo completo para poder desahogar asuntos de suma relevancia para el estado. Indic\u00f3 que estas tareas a marchas forzadas involucran las consultas a los pueblos originarios,&#8230;<\/p>\n","protected":false},"author":1,"featured_media":2364,"comment_status":"closed","ping_status":"open","sticky":false,"template":"","format":"standard","meta":{"_monsterinsights_skip_tracking":false,"_monsterinsights_sitenote_active":false,"_monsterinsights_sitenote_note":"","_monsterinsights_sitenote_category":0,"footnotes":""},"categories":[4,3,55],"tags":[],"class_list":["post-2362","post","type-post","status-publish","format-standard","has-post-thumbnail","hentry","category-alfredo-sanchez-esquivel","category-boletin","category-consulta-2022"],"aioseo_notices":[],"_links":{"self":[{"href":"https:\/\/congresogro.gob.mx\/63\/inicio\/wp-json\/wp\/v2\/posts\/2362","targetHints":{"allow":["GET"]}}],"collection":[{"href":"https:\/\/congresogro.gob.mx\/63\/inicio\/wp-json\/wp\/v2\/posts"}],"about":[{"href":"https:\/\/congresogro.gob.mx\/63\/inicio\/wp-json\/wp\/v2\/types\/post"}],"author":[{"embeddable":true,"href":"https:\/\/congresogro.gob.mx\/63\/inicio\/wp-json\/wp\/v2\/users\/1"}],"replies":[{"embeddable":true,"href":"https:\/\/congresogro.gob.mx\/63\/inicio\/wp-json\/wp\/v2\/comments?post=2362"}],"version-history":[{"count":1,"href":"https:\/\/congresogro.gob.mx\/63\/inicio\/wp-json\/wp\/v2\/posts\/2362\/revisions"}],"predecessor-version":[{"id":2365,"href":"https:\/\/congresogro.gob.mx\/63\/inicio\/wp-json\/wp\/v2\/posts\/2362\/revisions\/2365"}],"wp:featuredmedia":[{"embeddable":true,"href":"https:\/\/congresogro.gob.mx\/63\/inicio\/wp-json\/wp\/v2\/media\/2364"}],"wp:attachment":[{"href":"https:\/\/congresogro.gob.mx\/63\/inicio\/wp-json\/wp\/v2\/media?parent=2362"}],"wp:term":[{"taxonomy":"category","embeddable":true,"href":"https:\/\/congresogro.gob.mx\/63\/inicio\/wp-json\/wp\/v2\/categories?post=2362"},{"taxonomy":"post_tag","embeddable":true,"href":"https:\/\/congresogro.gob.mx\/63\/inicio\/wp-json\/wp\/v2\/tags?post=2362"}],"curies":[{"name":"wp","href":"https:\/\/api.w.org\/{rel}","templated":true}]}}