{"id":2358,"date":"2022-03-06T09:02:07","date_gmt":"2022-03-06T15:02:07","guid":{"rendered":"https:\/\/congresogro.gob.mx\/63\/inicio\/?p=2358"},"modified":"2022-03-07T09:03:11","modified_gmt":"2022-03-07T15:03:11","slug":"presentan-iniciativa-para-una-mayor-proteccion-de-los-adultos-mayores","status":"publish","type":"post","link":"https:\/\/congresogro.gob.mx\/63\/inicio\/2022\/03\/06\/presentan-iniciativa-para-una-mayor-proteccion-de-los-adultos-mayores\/","title":{"rendered":"PRESENTAN INICIATIVA PARA UNA  MAYOR PROTECCI\u00d3N DE LOS ADULTOS MAYORES"},"content":{"rendered":"<p style=\"text-align: justify;\"><strong>Chilpancingo, Gro., 06 marzo de 2022. &#8211; <\/strong>La diputada Ana Lenis Res\u00e9ndiz Javier present\u00f3 una iniciativa de adici\u00f3n a la Ley de los Derechos de las Personas Adultas Mayores del Estado de Guerrero para incluir la promoci\u00f3n, difusi\u00f3n y educaci\u00f3n sobre derechos humanos, que permita a las personas adultas mayores contar con la orientaci\u00f3n necesaria para denunciar a sus posibles agresores, promover la igualdad y prevenir abusos.<\/p>\n<p style=\"text-align: justify;\">La iniciativa que analiza la Comisi\u00f3n de Atenci\u00f3n a los Adultos Mayores propone incluir la promoci\u00f3n, difusi\u00f3n y educaci\u00f3n de los derechos humanos para que las personas adultas mayores cuenten con la orientaci\u00f3n necesaria para denunciar a sus agresores, adem\u00e1s de empoderarlos y alentarlos a defender sus derechos, as\u00ed como prevenir abusos, promover la igualdad y fomentar su participaci\u00f3n.<\/p>\n<p style=\"text-align: justify;\">La legisladora record\u00f3 que la Ley de los Derechos de las Personas Adultas Mayores del Estado de Guerrero tiene por objeto promover los derechos de las personas adultas mayores, as\u00ed como fomentar valores de respeto, solidaridad, protecci\u00f3n y cuidado.<\/p>\n<p style=\"text-align: justify;\">En ese sentido, manifest\u00f3 la necesidad de establecer que, dentro de las obligaciones del Estado, se regule la promoci\u00f3n y capacitaci\u00f3n de la educaci\u00f3n en derechos humanos, la cual debe estar dirigida a todos los grupos de poblaci\u00f3n, especialmente a aquellos que se puedan encontrar en alguna situaci\u00f3n de vulnerabilidad.<\/p>\n<p style=\"text-align: justify;\">Considera indispensable que para el desarrollo de sociedades m\u00e1s democr\u00e1ticas, se promuevan valores, creencias y actitudes que alienten a todas las personas a defender sus propios derechos y los de los dem\u00e1s, y desarrollen la conciencia de que todos compartimos la responsabilidad com\u00fan de hacer de los derechos humanos una realidad en todas las comunidades.<\/p>\n","protected":false},"excerpt":{"rendered":"<p>Chilpancingo, Gro., 06 marzo de 2022. &#8211; La diputada Ana Lenis Res\u00e9ndiz Javier present\u00f3 una iniciativa de adici\u00f3n a la Ley de los Derechos de las Personas Adultas Mayores del Estado de Guerrero para incluir la promoci\u00f3n, difusi\u00f3n y educaci\u00f3n sobre derechos humanos, que permita a las personas adultas mayores contar con la orientaci\u00f3n necesaria&#8230;<\/p>\n","protected":false},"author":1,"featured_media":2360,"comment_status":"closed","ping_status":"open","sticky":false,"template":"","format":"standard","meta":{"_monsterinsights_skip_tracking":false,"_monsterinsights_sitenote_active":false,"_monsterinsights_sitenote_note":"","_monsterinsights_sitenote_category":0,"footnotes":""},"categories":[45,3],"tags":[],"class_list":["post-2358","post","type-post","status-publish","format-standard","has-post-thumbnail","hentry","category-ana-lenis-resendiz-javier","category-boletin"],"aioseo_notices":[],"_links":{"self":[{"href":"https:\/\/congresogro.gob.mx\/63\/inicio\/wp-json\/wp\/v2\/posts\/2358","targetHints":{"allow":["GET"]}}],"collection":[{"href":"https:\/\/congresogro.gob.mx\/63\/inicio\/wp-json\/wp\/v2\/posts"}],"about":[{"href":"https:\/\/congresogro.gob.mx\/63\/inicio\/wp-json\/wp\/v2\/types\/post"}],"author":[{"embeddable":true,"href":"https:\/\/congresogro.gob.mx\/63\/inicio\/wp-json\/wp\/v2\/users\/1"}],"replies":[{"embeddable":true,"href":"https:\/\/congresogro.gob.mx\/63\/inicio\/wp-json\/wp\/v2\/comments?post=2358"}],"version-history":[{"count":1,"href":"https:\/\/congresogro.gob.mx\/63\/inicio\/wp-json\/wp\/v2\/posts\/2358\/revisions"}],"predecessor-version":[{"id":2361,"href":"https:\/\/congresogro.gob.mx\/63\/inicio\/wp-json\/wp\/v2\/posts\/2358\/revisions\/2361"}],"wp:featuredmedia":[{"embeddable":true,"href":"https:\/\/congresogro.gob.mx\/63\/inicio\/wp-json\/wp\/v2\/media\/2360"}],"wp:attachment":[{"href":"https:\/\/congresogro.gob.mx\/63\/inicio\/wp-json\/wp\/v2\/media?parent=2358"}],"wp:term":[{"taxonomy":"category","embeddable":true,"href":"https:\/\/congresogro.gob.mx\/63\/inicio\/wp-json\/wp\/v2\/categories?post=2358"},{"taxonomy":"post_tag","embeddable":true,"href":"https:\/\/congresogro.gob.mx\/63\/inicio\/wp-json\/wp\/v2\/tags?post=2358"}],"curies":[{"name":"wp","href":"https:\/\/api.w.org\/{rel}","templated":true}]}}