{"id":2304,"date":"2022-03-02T08:57:15","date_gmt":"2022-03-02T14:57:15","guid":{"rendered":"https:\/\/congresogro.gob.mx\/63\/inicio\/?p=2304"},"modified":"2022-03-11T20:50:15","modified_gmt":"2022-03-12T02:50:15","slug":"proponen-exhorto-al-ejecutivo-estatal-para-establecer-la-mesa-tecnica-interinstitucional-para-la-consulta-a-los-pueblos-indigenas-y-afromexicano","status":"publish","type":"post","link":"https:\/\/congresogro.gob.mx\/63\/inicio\/2022\/03\/02\/proponen-exhorto-al-ejecutivo-estatal-para-establecer-la-mesa-tecnica-interinstitucional-para-la-consulta-a-los-pueblos-indigenas-y-afromexicano\/","title":{"rendered":"PROPONEN EXHORTO AL EJECUTIVO ESTATAL PARA ESTABLECER LA MESA T\u00c9CNICA INTERINSTITUCIONAL PARA LA CONSULTA A LOS PUEBLOS IND\u00cdGENAS Y AFROMEXICANO"},"content":{"rendered":"<p style=\"text-align: justify;\"><strong>Chilpancingo, Gro., 02 de marzo de 2022.- <\/strong>Los grupos parlamentarios del PRD, PRI y las representaciones del PVEM y PAN en el Congreso del Estado propusieron instruir a la Junta de Coordinaci\u00f3n Pol\u00edtica para que convoque al poder Ejecutivo, a trav\u00e9s de la Secretar\u00eda General de Gobierno, a establecer la Mesa T\u00e9cnica Interinstitucional que ser\u00e1 la responsable de realizar las etapas de la Consulta a los Pueblos y Comunidades Ind\u00edgenas y Afromexicanas.<\/p>\n<p style=\"text-align: justify;\">Esto en un acuerdo parlamentario que se turn\u00f3 a la Junta de Coordinaci\u00f3n Pol\u00edtica para su an\u00e1lisis, y cuyo objeto es dar cumplimiento a la Acci\u00f3n de Inconstitucionalidad 81\/2018 resuelta por el Pleno de la Suprema Corte de Justicia de la Naci\u00f3n.<\/p>\n<p style=\"text-align: justify;\">Al dar lectura al documento a nombre de los grupos parlamentarios citados, la diputada Patricia Doroteo Calder\u00f3n expuso que recientemente la Legislatura aprob\u00f3 el \u201cProtocolo para desarrollar de manera libre, previa, informada y de buena fe, el proceso de consulta para poder crear, reformar, adicionar o derogar las leyes que impacten en la esfera de derechos a las comunidades y pueblos ind\u00edgenas y afromexicanos\u201d.<\/p>\n<p style=\"text-align: justify;\">Indic\u00f3 que ese documento se conform\u00f3 para establecer los principios, bases y par\u00e1metros sobre los cuales deber\u00e1 realizarse la consulta, respecto de los textos legales que deban someterse a su consideraci\u00f3n, espec\u00edficamente la inconstitucionalidad de los decretos que contienen la Ley del Sistema de Seguridad P\u00fablica y las reformas a la Ley de Reconocimiento, Derechos y Cultura de los Pueblos y Comunidades Ind\u00edgenas del Estado de Guerrero.<\/p>\n<p style=\"text-align: justify;\">Sin embargo, se\u00f1al\u00f3 que es indispensable que se emitan urgentemente los mecanismos y acciones para desarrollar las etapas de la consulta, determinando y designando a un grupo de trabajo espec\u00edfico con personal capacitado que se encargar\u00e1 de ejecutar las etapas del proceso, en coordinaci\u00f3n con las dependencias, entidades e instituciones gubernamentales y organismos aut\u00f3nomos, as\u00ed como las autoridades de las comunidades.<\/p>\n<p style=\"text-align: justify;\">Plantea tambi\u00e9n que se considere en las distintas etapas de la consulta, de manera permanente y desde el inicio de los trabajos, a las comunidades y pueblos ind\u00edgenas y afromexicanos. En ese sentido, llaman a establecer comunicaci\u00f3n con las autoridades y solicitar a los Institutos Nacionales de los Pueblos Ind\u00edgenas y de Estad\u00edstica y Geograf\u00eda, a la Secretar\u00eda de Asuntos Ind\u00edgenas y Afromexicanos, y al Instituto Electoral y de Participaci\u00f3n Ciudadana, la informaci\u00f3n que permita identificar a cada comunidad, para que con base en eso se conformen lazos de comunicaci\u00f3n y entendimiento.<\/p>\n<p style=\"text-align: justify;\">Tambi\u00e9n propusieron instruir a la Jucopo para designar la Mesa T\u00e9cnica para la realizaci\u00f3n de las acciones que den cumplimiento al protocolo, que contemplen las acciones comprendidas, entre ellas la solicitud de informaci\u00f3n y comunicaci\u00f3n con las comunidades y pueblos ind\u00edgenas y afromexicanos.<\/p>\n<p style=\"text-align: justify;\"><strong>\u00a0<\/strong><\/p>\n<p style=\"text-align: justify;\"><strong>Acuerdos <\/strong><\/p>\n<p style=\"text-align: justify;\">A la Junta de Coordinaci\u00f3n Pol\u00edtica se turn\u00f3 un acuerdo propuesto por la Comisi\u00f3n de Vigilancia y Evaluaci\u00f3n de la Auditor\u00eda General del Estado para exhortar a la encargada de esta instancia, Natividad P\u00e9rez Guinto, a rectificar los nombramientos realizados en dicho \u00f3rgano fiscalizador, en t\u00e9rminos de lo estipulado en el Reglamento Interno de la ASE.<\/p>\n<p style=\"text-align: justify;\"><strong>Informes <\/strong><\/p>\n<p style=\"text-align: justify;\">En la misma sesi\u00f3n, la presidenta de la Mesa Directiva, diputada Flor A\u00f1orve Ocampo, rindi\u00f3 el informe de los trabajos legislativos del Primer Periodo de Receso correspondiente al Primer A\u00f1o de Ejercicio Constitucional de la LXII Legislatura.<\/p>\n","protected":false},"excerpt":{"rendered":"<p>Chilpancingo, Gro., 02 de marzo de 2022.- Los grupos parlamentarios del PRD, PRI y las representaciones del PVEM y PAN en el Congreso del Estado propusieron instruir a la Junta de Coordinaci\u00f3n Pol\u00edtica para que convoque al poder Ejecutivo, a trav\u00e9s de la Secretar\u00eda General de Gobierno, a establecer la Mesa T\u00e9cnica Interinstitucional que ser\u00e1&#8230;<\/p>\n","protected":false},"author":1,"featured_media":2306,"comment_status":"closed","ping_status":"open","sticky":false,"template":"","format":"standard","meta":{"_monsterinsights_skip_tracking":false,"_monsterinsights_sitenote_active":false,"_monsterinsights_sitenote_note":"","_monsterinsights_sitenote_category":0,"footnotes":""},"categories":[3,55,43],"tags":[],"class_list":["post-2304","post","type-post","status-publish","format-standard","has-post-thumbnail","hentry","category-boletin","category-consulta-2022","category-patricia-doroteo-calderon"],"aioseo_notices":[],"_links":{"self":[{"href":"https:\/\/congresogro.gob.mx\/63\/inicio\/wp-json\/wp\/v2\/posts\/2304","targetHints":{"allow":["GET"]}}],"collection":[{"href":"https:\/\/congresogro.gob.mx\/63\/inicio\/wp-json\/wp\/v2\/posts"}],"about":[{"href":"https:\/\/congresogro.gob.mx\/63\/inicio\/wp-json\/wp\/v2\/types\/post"}],"author":[{"embeddable":true,"href":"https:\/\/congresogro.gob.mx\/63\/inicio\/wp-json\/wp\/v2\/users\/1"}],"replies":[{"embeddable":true,"href":"https:\/\/congresogro.gob.mx\/63\/inicio\/wp-json\/wp\/v2\/comments?post=2304"}],"version-history":[{"count":1,"href":"https:\/\/congresogro.gob.mx\/63\/inicio\/wp-json\/wp\/v2\/posts\/2304\/revisions"}],"predecessor-version":[{"id":2307,"href":"https:\/\/congresogro.gob.mx\/63\/inicio\/wp-json\/wp\/v2\/posts\/2304\/revisions\/2307"}],"wp:featuredmedia":[{"embeddable":true,"href":"https:\/\/congresogro.gob.mx\/63\/inicio\/wp-json\/wp\/v2\/media\/2306"}],"wp:attachment":[{"href":"https:\/\/congresogro.gob.mx\/63\/inicio\/wp-json\/wp\/v2\/media?parent=2304"}],"wp:term":[{"taxonomy":"category","embeddable":true,"href":"https:\/\/congresogro.gob.mx\/63\/inicio\/wp-json\/wp\/v2\/categories?post=2304"},{"taxonomy":"post_tag","embeddable":true,"href":"https:\/\/congresogro.gob.mx\/63\/inicio\/wp-json\/wp\/v2\/tags?post=2304"}],"curies":[{"name":"wp","href":"https:\/\/api.w.org\/{rel}","templated":true}]}}