{"id":2299,"date":"2022-03-02T08:55:33","date_gmt":"2022-03-02T14:55:33","guid":{"rendered":"https:\/\/congresogro.gob.mx\/63\/inicio\/?p=2299"},"modified":"2022-03-03T08:56:53","modified_gmt":"2022-03-03T14:56:53","slug":"plantean-la-creacion-del-instituto-estatal-de-atencion-a-la-comunidad-de-la-diversidad-sexual","status":"publish","type":"post","link":"https:\/\/congresogro.gob.mx\/63\/inicio\/2022\/03\/02\/plantean-la-creacion-del-instituto-estatal-de-atencion-a-la-comunidad-de-la-diversidad-sexual\/","title":{"rendered":"PLANTEAN LA CREACI\u00d3N DEL INSTITUTO ESTATAL DE  ATENCI\u00d3N A LA COMUNIDAD DE LA DIVERSIDAD SEXUAL"},"content":{"rendered":"<p style=\"text-align: justify;\"><strong>Chilpancingo, Gr<\/strong><strong>o., 02 de marzo de 2022.-<\/strong> El diputado Jacinto Gonz\u00e1lez Varona propuso exhortar al Gobierno del Estado para que, conforme a sus facultades, atribuciones y condiciones presupuestales, prevea la creaci\u00f3n del Instituto Estatal de Atenci\u00f3n a la Comunidad de la Diversidad Sexual, como una pol\u00edtica orientada a salvaguardar la progresividad de los derechos humanos y eficientar la atenci\u00f3n directa y oportuna de este sector.<\/p>\n<p style=\"text-align: justify;\">El diputado expuso que, como sociedad, se debe generar conciencia en los tres niveles de gobierno sobre la necesidad apremiante de crear instituciones o \u00e1reas adecuadas para la comunidad de la diversidad sexual, que les brinden un trato digno y de respeto.<\/p>\n<p style=\"text-align: justify;\">Agreg\u00f3 que de acuerdo con estad\u00edsticas de organismos internacionales y el Consejo Nacional para Prevenir la Discriminaci\u00f3n, en M\u00e9xico la diversidad sexual representa un aproximado de 10 por ciento del total de la poblaci\u00f3n, y se estima que en Guerrero 708,137 personas pertenecen a este sector.<\/p>\n<p style=\"text-align: justify;\">\u201cGuerrero tiene una composici\u00f3n pluricultural, raz\u00f3n por la cual, en las acciones que implemente el estado y los municipios, deben atenderse las diversas categor\u00edas desde un enfoque de interseccionalidad que permita abordar las m\u00faltiples discriminaciones que sufre esta comunidad\u201d, abund\u00f3.<\/p>\n<p style=\"text-align: justify;\">Se\u00f1al\u00f3 que aunque hay esfuerzos de algunos municipios y de la Comunidad LGBTTTI+, es necesario que el Estado establezca una instituci\u00f3n espec\u00edfica que oriente las pol\u00edticas p\u00fablicas al mejoramiento de su calidad de vida.<\/p>\n<p style=\"text-align: justify;\">Por las anteriores razones, el legislador considera pertinente exhortar al poder Ejecutivo y a los ayuntamientos para que generen pol\u00edticas p\u00fablicas orientadas a atender a este sector de la poblaci\u00f3n e incluyan en sus estructuras org\u00e1nicas, en el \u00e1mbito de sus competencias, al Instituto Estatal de Atenci\u00f3n a la Diversidad Sexual y \u00e1reas municipales de atenci\u00f3n prioritaria al colectivo LGTBTTTI+, sustentando jur\u00eddica y administrativamente su funcionamiento, atribuciones y operatividad eficiente.<\/p>\n<p style=\"text-align: justify;\"><strong>Intervenciones\u00a0 <\/strong><\/p>\n<p style=\"text-align: justify;\">El diputado Bernardo Ortega Jim\u00e9nez intervino para hablar sobre los avances de la 63 Legislatura, los retos y pendientes. En plan autocr\u00edtico, se\u00f1al\u00f3 que no se ha cumplido con las expectativas, por lo que invit\u00f3 a sus hom\u00f3logos para hacer una reflexi\u00f3n sana, cr\u00edtica y de buena fe, que permita reconocer las faltas y retomar el camino de la institucionalidad, que impulse una agenda com\u00fan entre los poderes Legislativo y Ejecutivo, con total transparencia y de cara a la sociedad, que a su vez brinde certeza jur\u00eddica a la ciudadan\u00eda.<\/p>\n<p style=\"text-align: justify;\">\u201cLos invito a que redoblemos nuestros esfuerzos y encontremos nuestros puntos de coincidencia en el ejercicio de nuestras funciones\u201d, apunt\u00f3.<\/p>\n<p style=\"text-align: justify;\">Por su parte, el diputado Masedonio Mendoza Basurto habl\u00f3 en relaci\u00f3n al aniversario de la Promulgaci\u00f3n del \u00abPlan de Ayutla\u00bb, pre\u00e1mbulo de una revoluci\u00f3n liderada por ilustres guerrerenses y que deriv\u00f3 en el derrocamiento de Santa Anna.<\/p>\n<p style=\"text-align: justify;\">Extern\u00f3 que es importante recordar que el Plan de Ayutla se origin\u00f3 en la convicci\u00f3n de una parte de la dirigencia pol\u00edtica de que la \u00fanica manera de sacar a M\u00e9xico del atraso era derrocando a Santa Anna para implementar una serie de reformas basadas en la ideolog\u00eda liberal, y a partir de esto reconstruir la Naci\u00f3n.<\/p>\n","protected":false},"excerpt":{"rendered":"<p>Chilpancingo, Gro., 02 de marzo de 2022.- El diputado Jacinto Gonz\u00e1lez Varona propuso exhortar al Gobierno del Estado para que, conforme a sus facultades, atribuciones y condiciones presupuestales, prevea la creaci\u00f3n del Instituto Estatal de Atenci\u00f3n a la Comunidad de la Diversidad Sexual, como una pol\u00edtica orientada a salvaguardar la progresividad de los derechos humanos&#8230;<\/p>\n","protected":false},"author":1,"featured_media":2301,"comment_status":"closed","ping_status":"open","sticky":false,"template":"","format":"standard","meta":{"_monsterinsights_skip_tracking":false,"_monsterinsights_sitenote_active":false,"_monsterinsights_sitenote_note":"","_monsterinsights_sitenote_category":0,"footnotes":""},"categories":[3,24],"tags":[],"class_list":["post-2299","post","type-post","status-publish","format-standard","has-post-thumbnail","hentry","category-boletin","category-jacinto-gonzalez"],"aioseo_notices":[],"_links":{"self":[{"href":"https:\/\/congresogro.gob.mx\/63\/inicio\/wp-json\/wp\/v2\/posts\/2299","targetHints":{"allow":["GET"]}}],"collection":[{"href":"https:\/\/congresogro.gob.mx\/63\/inicio\/wp-json\/wp\/v2\/posts"}],"about":[{"href":"https:\/\/congresogro.gob.mx\/63\/inicio\/wp-json\/wp\/v2\/types\/post"}],"author":[{"embeddable":true,"href":"https:\/\/congresogro.gob.mx\/63\/inicio\/wp-json\/wp\/v2\/users\/1"}],"replies":[{"embeddable":true,"href":"https:\/\/congresogro.gob.mx\/63\/inicio\/wp-json\/wp\/v2\/comments?post=2299"}],"version-history":[{"count":2,"href":"https:\/\/congresogro.gob.mx\/63\/inicio\/wp-json\/wp\/v2\/posts\/2299\/revisions"}],"predecessor-version":[{"id":2303,"href":"https:\/\/congresogro.gob.mx\/63\/inicio\/wp-json\/wp\/v2\/posts\/2299\/revisions\/2303"}],"wp:featuredmedia":[{"embeddable":true,"href":"https:\/\/congresogro.gob.mx\/63\/inicio\/wp-json\/wp\/v2\/media\/2301"}],"wp:attachment":[{"href":"https:\/\/congresogro.gob.mx\/63\/inicio\/wp-json\/wp\/v2\/media?parent=2299"}],"wp:term":[{"taxonomy":"category","embeddable":true,"href":"https:\/\/congresogro.gob.mx\/63\/inicio\/wp-json\/wp\/v2\/categories?post=2299"},{"taxonomy":"post_tag","embeddable":true,"href":"https:\/\/congresogro.gob.mx\/63\/inicio\/wp-json\/wp\/v2\/tags?post=2299"}],"curies":[{"name":"wp","href":"https:\/\/api.w.org\/{rel}","templated":true}]}}