{"id":2290,"date":"2022-03-01T09:13:31","date_gmt":"2022-03-01T15:13:31","guid":{"rendered":"https:\/\/congresogro.gob.mx\/63\/inicio\/?p=2290"},"modified":"2022-03-02T09:16:11","modified_gmt":"2022-03-02T15:16:11","slug":"proponen-reforma-para-perfeccionar-la-integracion-de-la-unidad-para-la-igualdad-de-genero-del-congreso","status":"publish","type":"post","link":"https:\/\/congresogro.gob.mx\/63\/inicio\/2022\/03\/01\/proponen-reforma-para-perfeccionar-la-integracion-de-la-unidad-para-la-igualdad-de-genero-del-congreso\/","title":{"rendered":"PROPONEN REFORMA PARA PERFECCIONAR LA INTEGRACI\u00d3N  DE LA UNIDAD PARA LA IGUALDAD DE G\u00c9NERO DEL CONGRESO"},"content":{"rendered":"<p style=\"text-align: justify;\"><strong>Chilpancingo, Gr<\/strong><strong>o., 01 de marzo de 2022.-<\/strong> Para establecer claramente la forma en que debe integrarse la Unidad Para la Igualdad de G\u00e9nero del Congreso del Estado, el diputado Bernardo Ortega Jim\u00e9nez propuso reformar la Ley Org\u00e1nica del Poder Legislativo.<\/p>\n<p style=\"text-align: justify;\">Al presentar su iniciativa, el legislador destac\u00f3 que uno de los temas de mayor relevancia y trascendencia en la actualidad en M\u00e9xico es lo relativo a la igualdad sustantiva entre mujeres y hombres, y que las reformas constitucionales federales m\u00e1s recientes est\u00e1n encaminadas a fortalecer las pol\u00edticas de empoderamiento de las mujeres en la vida p\u00fablica de las instituciones.<\/p>\n<p style=\"text-align: justify;\">Refiri\u00f3 que las entidades tambi\u00e9n hicieron lo propio para adecuar sus ordenamientos e incluir de manera clara el tema de la perspectiva de g\u00e9nero y abatir la discriminaci\u00f3n por esta raz\u00f3n al interior de las instituciones p\u00fablicas, programas y acciones correspondientes.<\/p>\n<p style=\"text-align: justify;\">Manifest\u00f3 que, como consecuencia de lo anterior, se instauraron en diversos ordenamientos \u201clas Unidades de G\u00e9nero\u201d que promueven una cultura organizacional con enfoque de g\u00e9nero y sin discriminaci\u00f3n, buscando que la transversalidad se incorpore de manera permanente en el dise\u00f1o y estructura de cada instituci\u00f3n.<\/p>\n<p style=\"text-align: justify;\">Indic\u00f3, asimismo, que la Ley Org\u00e1nica del Poder Legislativo establece en su art\u00edculo 222 la \u201cUnidad Para la Igualdad de G\u00e9nero\u201d; sin embargo, no se se\u00f1ala la forma en c\u00f3mo estar\u00e1 integrada ni se prev\u00e9 el perfil que deber\u00e1n cumplir quienes la conformen.<\/p>\n<p style=\"text-align: justify;\">Por lo anterior, y para darle mayor funcionalidad, el legislador propone incorporar un texto especificando que dicha Unidad debe conformarse de manera paritaria y estar\u00e1 integrada por quien ostente las presidencias de la Junta de Coordinaci\u00f3n Pol\u00edtica, Mesa Directiva, comisiones Para la Igualdad de G\u00e9nero, de Derechos Humanos, Secretar\u00eda de Servicios Parlamentarios y el \u00d3rgano de Control Interno.<\/p>\n<p style=\"text-align: justify;\">Asimismo, plantea que en caso de que las personas en quienes recae la conformaci\u00f3n no cuentan con experiencia en materia de g\u00e9nero o derechos humanos, el Instituto de Estudios Parlamentarios \u201cEduardo Neri\u201d deber\u00e1 brindar la capacitaci\u00f3n necesaria.<\/p>\n","protected":false},"excerpt":{"rendered":"<p>Chilpancingo, Gro., 01 de marzo de 2022.- Para establecer claramente la forma en que debe integrarse la Unidad Para la Igualdad de G\u00e9nero del Congreso del Estado, el diputado Bernardo Ortega Jim\u00e9nez propuso reformar la Ley Org\u00e1nica del Poder Legislativo. Al presentar su iniciativa, el legislador destac\u00f3 que uno de los temas de mayor relevancia&#8230;<\/p>\n","protected":false},"author":1,"featured_media":2292,"comment_status":"closed","ping_status":"open","sticky":false,"template":"","format":"standard","meta":{"_monsterinsights_skip_tracking":false,"_monsterinsights_sitenote_active":false,"_monsterinsights_sitenote_note":"","_monsterinsights_sitenote_category":0,"footnotes":""},"categories":[29,3],"tags":[],"class_list":["post-2290","post","type-post","status-publish","format-standard","has-post-thumbnail","hentry","category-bernardo-ortega-jimenez","category-boletin"],"aioseo_notices":[],"_links":{"self":[{"href":"https:\/\/congresogro.gob.mx\/63\/inicio\/wp-json\/wp\/v2\/posts\/2290","targetHints":{"allow":["GET"]}}],"collection":[{"href":"https:\/\/congresogro.gob.mx\/63\/inicio\/wp-json\/wp\/v2\/posts"}],"about":[{"href":"https:\/\/congresogro.gob.mx\/63\/inicio\/wp-json\/wp\/v2\/types\/post"}],"author":[{"embeddable":true,"href":"https:\/\/congresogro.gob.mx\/63\/inicio\/wp-json\/wp\/v2\/users\/1"}],"replies":[{"embeddable":true,"href":"https:\/\/congresogro.gob.mx\/63\/inicio\/wp-json\/wp\/v2\/comments?post=2290"}],"version-history":[{"count":1,"href":"https:\/\/congresogro.gob.mx\/63\/inicio\/wp-json\/wp\/v2\/posts\/2290\/revisions"}],"predecessor-version":[{"id":2293,"href":"https:\/\/congresogro.gob.mx\/63\/inicio\/wp-json\/wp\/v2\/posts\/2290\/revisions\/2293"}],"wp:featuredmedia":[{"embeddable":true,"href":"https:\/\/congresogro.gob.mx\/63\/inicio\/wp-json\/wp\/v2\/media\/2292"}],"wp:attachment":[{"href":"https:\/\/congresogro.gob.mx\/63\/inicio\/wp-json\/wp\/v2\/media?parent=2290"}],"wp:term":[{"taxonomy":"category","embeddable":true,"href":"https:\/\/congresogro.gob.mx\/63\/inicio\/wp-json\/wp\/v2\/categories?post=2290"},{"taxonomy":"post_tag","embeddable":true,"href":"https:\/\/congresogro.gob.mx\/63\/inicio\/wp-json\/wp\/v2\/tags?post=2290"}],"curies":[{"name":"wp","href":"https:\/\/api.w.org\/{rel}","templated":true}]}}