{"id":2286,"date":"2022-03-01T09:11:15","date_gmt":"2022-03-01T15:11:15","guid":{"rendered":"https:\/\/congresogro.gob.mx\/63\/inicio\/?p=2286"},"modified":"2022-03-02T09:12:33","modified_gmt":"2022-03-02T15:12:33","slug":"instalan-la-unidad-interna-de-proteccion-civil-en-el-congreso-del-estado","status":"publish","type":"post","link":"https:\/\/congresogro.gob.mx\/63\/inicio\/2022\/03\/01\/instalan-la-unidad-interna-de-proteccion-civil-en-el-congreso-del-estado\/","title":{"rendered":"INSTALAN LA UNIDAD INTERNA DE  PROTECCI\u00d3N CIVIL EN EL CONGRESO DEL ESTADO"},"content":{"rendered":"<p style=\"text-align: justify;\"><strong>Chilpancingo, Gro., a 01 de marzo 2022<\/strong>.- Este martes qued\u00f3 instalada la Unidad Interna de Protecci\u00f3n Civil del Congreso del Estado, integrada por legisladores, titulares y trabajadores de las diversas \u00e1reas t\u00e9cnico-administrativas, como instancia de respuesta inmediata ante la ocurrencia de emergencias o desastres.<\/p>\n<p style=\"text-align: justify;\">Al dar un mensaje, la diputada Patricia Doroteo Calder\u00f3n, presidenta de la Comisi\u00f3n de Protecci\u00f3n Civil del Congreso, en presencia de sus compa\u00f1eras vocales Mar\u00eda Flores Maldonado e Hilda Jenifer Ponce Mendoza, manifest\u00f3 que, desafortunadamente, no se puede evitar la ocurrencia de los desastres naturales; sin embargo, s\u00ed se puede mitigar su impacto, lo cual es posible a trav\u00e9s del trabajo coordinado entre gobierno y sociedad, y mediante estrategias correctamente orientadas a salvar vidas.<\/p>\n<p style=\"text-align: justify;\">Resalt\u00f3 la importancia de renovar la concepci\u00f3n y legislaci\u00f3n en materia de protecci\u00f3n civil, que permita eficientar las tareas de prevenci\u00f3n y mitigaci\u00f3n de riesgos, contribuyendo a proteger la integridad f\u00edsica y patrimonial de las personas.<\/p>\n<p style=\"text-align: justify;\">Por ello, celebr\u00f3 la voluntad administrativa y la coordinaci\u00f3n institucional entre los jefes de \u00e1rea y dem\u00e1s integrantes de la Unidad Interna de Protecci\u00f3n Civil, y que ser\u00e1 la primera instancia de respuesta inmediata ante los riesgos, emergencias o desastres que puedan ocurrir al interior del Recinto Legislativo.<\/p>\n<p style=\"text-align: justify;\">Al participar, el presidente de la Junta de Coordinaci\u00f3n Pol\u00edtica (Jucopo), diputado Alfredo S\u00e1nchez Esquivel, reconoci\u00f3 a quienes integran la Comisi\u00f3n de Protecci\u00f3n Civil, a los jefes de \u00e1rea, trabajadores y diputados por el inter\u00e9s que tienen para ser capacitados y hacer frente a las contingencias, como eventos s\u00edsmicos, incendios forestales y dem\u00e1s manifestaciones de la naturaleza.<\/p>\n<p style=\"text-align: justify;\">Extern\u00f3, asimismo, que desde la Jucopo se sumar\u00e1n a las acciones para garantizar que quienes laboran y visitan el Congreso cuenten con orientaci\u00f3n, y que en casos de emergencia sepan c\u00f3mo actuar y qu\u00e9 acciones tomar para salvaguardar su integridad f\u00edsica.<\/p>\n<p style=\"text-align: justify;\">Asistieron al evento diputadas y diputados de los distintos grupos parlamentarios; el encargado de despacho de la Secretar\u00eda de Servicios Financieros y Administrativos, Crist\u00f3bal Soto Cabrera; el jefe de Seguridad y Vigilancia, Omar Antonio Rodr\u00edguez Gordillo, y Javier Ignacio N\u00e1jera Ram\u00edrez, subcoordinador de la Unidad Interna de Protecci\u00f3n Civil, mientras que en representaci\u00f3n del Gobierno del Estado estuvo el subsecretario de Protecci\u00f3n Civil, Capit\u00e1n Roel Ayala Mata.<\/p>\n","protected":false},"excerpt":{"rendered":"<p>Chilpancingo, Gro., a 01 de marzo 2022.- Este martes qued\u00f3 instalada la Unidad Interna de Protecci\u00f3n Civil del Congreso del Estado, integrada por legisladores, titulares y trabajadores de las diversas \u00e1reas t\u00e9cnico-administrativas, como instancia de respuesta inmediata ante la ocurrencia de emergencias o desastres. Al dar un mensaje, la diputada Patricia Doroteo Calder\u00f3n, presidenta de&#8230;<\/p>\n","protected":false},"author":1,"featured_media":2288,"comment_status":"closed","ping_status":"open","sticky":false,"template":"","format":"standard","meta":{"_monsterinsights_skip_tracking":false,"_monsterinsights_sitenote_active":false,"_monsterinsights_sitenote_note":"","_monsterinsights_sitenote_category":0,"footnotes":""},"categories":[3,43],"tags":[],"class_list":["post-2286","post","type-post","status-publish","format-standard","has-post-thumbnail","hentry","category-boletin","category-patricia-doroteo-calderon"],"aioseo_notices":[],"_links":{"self":[{"href":"https:\/\/congresogro.gob.mx\/63\/inicio\/wp-json\/wp\/v2\/posts\/2286","targetHints":{"allow":["GET"]}}],"collection":[{"href":"https:\/\/congresogro.gob.mx\/63\/inicio\/wp-json\/wp\/v2\/posts"}],"about":[{"href":"https:\/\/congresogro.gob.mx\/63\/inicio\/wp-json\/wp\/v2\/types\/post"}],"author":[{"embeddable":true,"href":"https:\/\/congresogro.gob.mx\/63\/inicio\/wp-json\/wp\/v2\/users\/1"}],"replies":[{"embeddable":true,"href":"https:\/\/congresogro.gob.mx\/63\/inicio\/wp-json\/wp\/v2\/comments?post=2286"}],"version-history":[{"count":1,"href":"https:\/\/congresogro.gob.mx\/63\/inicio\/wp-json\/wp\/v2\/posts\/2286\/revisions"}],"predecessor-version":[{"id":2289,"href":"https:\/\/congresogro.gob.mx\/63\/inicio\/wp-json\/wp\/v2\/posts\/2286\/revisions\/2289"}],"wp:featuredmedia":[{"embeddable":true,"href":"https:\/\/congresogro.gob.mx\/63\/inicio\/wp-json\/wp\/v2\/media\/2288"}],"wp:attachment":[{"href":"https:\/\/congresogro.gob.mx\/63\/inicio\/wp-json\/wp\/v2\/media?parent=2286"}],"wp:term":[{"taxonomy":"category","embeddable":true,"href":"https:\/\/congresogro.gob.mx\/63\/inicio\/wp-json\/wp\/v2\/categories?post=2286"},{"taxonomy":"post_tag","embeddable":true,"href":"https:\/\/congresogro.gob.mx\/63\/inicio\/wp-json\/wp\/v2\/tags?post=2286"}],"curies":[{"name":"wp","href":"https:\/\/api.w.org\/{rel}","templated":true}]}}