{"id":2282,"date":"2022-03-01T09:10:53","date_gmt":"2022-03-01T15:10:53","guid":{"rendered":"https:\/\/congresogro.gob.mx\/63\/inicio\/?p=2282"},"modified":"2022-03-11T20:50:42","modified_gmt":"2022-03-12T02:50:42","slug":"recibe-personal-del-congreso-capacitacion-del-iepc-para-el-desarrollo-de-la-consulta-a-los-pueblos-originarios","status":"publish","type":"post","link":"https:\/\/congresogro.gob.mx\/63\/inicio\/2022\/03\/01\/recibe-personal-del-congreso-capacitacion-del-iepc-para-el-desarrollo-de-la-consulta-a-los-pueblos-originarios\/","title":{"rendered":"RECIBE PERSONAL DEL CONGRESO CAPACITACI\u00d3N DEL IEPC PARA EL DESARROLLO DE LA CONSULTA A LOS PUEBLOS ORIGINARIOS"},"content":{"rendered":"<p style=\"text-align: justify;\">Este martes en el Instituto de Estudios Parlamentarios \u00abEduardo Neri\u00bb se desarroll\u00f3 un curso de capacitaci\u00f3n relacionado con el \u00abProceso de Consulta para poder crear, reformar, adicionar o derogar las leyes que impacten en la esfera de derechos a las comunidades y pueblos ind\u00edgenas y afromexicanos\u00bb, impartido por el Mtro. Zenaido Ortiz A\u00f1orve, coordinador de Sistemas Normativos Pluriculturales del IEPC y por la consejera electoral Azucena Cayetano Solano.<br \/>\nAh\u00ed el secretario t\u00e9cnico de la Junta de Coordinaci\u00f3n Pol\u00edtica, Dr. Carlos Alberto Morales Escamilla, se\u00f1al\u00f3 que el objetivo de la actividad es despejar dudas y trazar una ruta apegada a las leyes para el buen desarrollo de la consulta, para que as\u00ed el Congreso cumpla en tiempo y forma, pero sobre todo de manera acertada con el mandato.<\/p>\n","protected":false},"excerpt":{"rendered":"<p>Este martes en el Instituto de Estudios Parlamentarios \u00abEduardo Neri\u00bb se desarroll\u00f3 un curso de capacitaci\u00f3n relacionado con el \u00abProceso de Consulta para poder crear, reformar, adicionar o derogar las leyes que impacten en la esfera de derechos a las comunidades y pueblos ind\u00edgenas y afromexicanos\u00bb, impartido por el Mtro. Zenaido Ortiz A\u00f1orve, coordinador de&#8230;<\/p>\n","protected":false},"author":1,"featured_media":2284,"comment_status":"closed","ping_status":"open","sticky":false,"template":"","format":"standard","meta":{"_monsterinsights_skip_tracking":false,"_monsterinsights_sitenote_active":false,"_monsterinsights_sitenote_note":"","_monsterinsights_sitenote_category":0,"footnotes":""},"categories":[3,55],"tags":[],"class_list":["post-2282","post","type-post","status-publish","format-standard","has-post-thumbnail","hentry","category-boletin","category-consulta-2022"],"aioseo_notices":[],"_links":{"self":[{"href":"https:\/\/congresogro.gob.mx\/63\/inicio\/wp-json\/wp\/v2\/posts\/2282","targetHints":{"allow":["GET"]}}],"collection":[{"href":"https:\/\/congresogro.gob.mx\/63\/inicio\/wp-json\/wp\/v2\/posts"}],"about":[{"href":"https:\/\/congresogro.gob.mx\/63\/inicio\/wp-json\/wp\/v2\/types\/post"}],"author":[{"embeddable":true,"href":"https:\/\/congresogro.gob.mx\/63\/inicio\/wp-json\/wp\/v2\/users\/1"}],"replies":[{"embeddable":true,"href":"https:\/\/congresogro.gob.mx\/63\/inicio\/wp-json\/wp\/v2\/comments?post=2282"}],"version-history":[{"count":1,"href":"https:\/\/congresogro.gob.mx\/63\/inicio\/wp-json\/wp\/v2\/posts\/2282\/revisions"}],"predecessor-version":[{"id":2285,"href":"https:\/\/congresogro.gob.mx\/63\/inicio\/wp-json\/wp\/v2\/posts\/2282\/revisions\/2285"}],"wp:featuredmedia":[{"embeddable":true,"href":"https:\/\/congresogro.gob.mx\/63\/inicio\/wp-json\/wp\/v2\/media\/2284"}],"wp:attachment":[{"href":"https:\/\/congresogro.gob.mx\/63\/inicio\/wp-json\/wp\/v2\/media?parent=2282"}],"wp:term":[{"taxonomy":"category","embeddable":true,"href":"https:\/\/congresogro.gob.mx\/63\/inicio\/wp-json\/wp\/v2\/categories?post=2282"},{"taxonomy":"post_tag","embeddable":true,"href":"https:\/\/congresogro.gob.mx\/63\/inicio\/wp-json\/wp\/v2\/tags?post=2282"}],"curies":[{"name":"wp","href":"https:\/\/api.w.org\/{rel}","templated":true}]}}