{"id":2216,"date":"2022-02-23T09:57:18","date_gmt":"2022-02-23T15:57:18","guid":{"rendered":"https:\/\/congresogro.gob.mx\/63\/inicio\/?p=2216"},"modified":"2022-03-11T20:52:08","modified_gmt":"2022-03-12T02:52:08","slug":"sesionan-comisiones-en-torno-al-protocolo-de-consulta-a-las-comunidades-y-pueblos-indigenas-y-afromexicanos-de-guerrero","status":"publish","type":"post","link":"https:\/\/congresogro.gob.mx\/63\/inicio\/2022\/02\/23\/sesionan-comisiones-en-torno-al-protocolo-de-consulta-a-las-comunidades-y-pueblos-indigenas-y-afromexicanos-de-guerrero\/","title":{"rendered":"SESIONAN COMISIONES EN TORNO AL PROTOCOLO DE CONSULTA A LAS COMUNIDADES Y PUEBLOS IND\u00cdGENAS Y AFROMEXICANOS DE GUERRERO"},"content":{"rendered":"<p style=\"text-align: justify;\"><strong>Chilpancingo, Gro., 23 febrero de 2022.- <\/strong>Las comisiones de Asuntos Ind\u00edgenas y Afromexicanos y de Derechos Humanos del Congreso del Estado realizaron de manera simult\u00e1neas sendas reuniones con la finalidad de afinar acciones para la implementaci\u00f3n del \u201cProtocolo para desarrollar de manera libre, previa, informada y de buena fe, el proceso de consulta para poder crear, reformar, adicionar o derogar las leyes que impacten en la esfera de derechos a las comunidades y pueblos ind\u00edgenas y afromexicanos\u201d, mismo que ya fue aprobado por la Comisi\u00f3n Permanente.<\/p>\n<p style=\"text-align: justify;\">Con esto, las comisiones legislativas que por raz\u00f3n de su competencia legal atienden a los pueblos ind\u00edgenas y afromexicanos, mantendr\u00e1n un trabajo vinculante con el equipo t\u00e9cnico, a fin de dar seguimiento al desarrollo de la implementaci\u00f3n del Protocolo.<\/p>\n<p style=\"text-align: justify;\">En la primera reuni\u00f3n encabezada por la diputada presidenta de la Comisi\u00f3n de Derechos Humanos, Leticia Mosso Hern\u00e1ndez, con la participaci\u00f3n de la y los diputados Osbaldo R\u00edos Manrique, Esteban Albarr\u00e1n Mendoza, Patricia Doroteo Calder\u00f3n y Ricardo Astudillo Calvo, secretario y vocales, respectivamente, se inform\u00f3 que la actividad da cumplimiento a lo acordado al interior de la Junta de Coordinaci\u00f3n Pol\u00edtica, sobre socializar dicho protocolo.<\/p>\n<p style=\"text-align: justify;\">Por su parte, la presidenta de la Comisi\u00f3n de Asuntos Ind\u00edgenas y Afromexicanos, diputada Marben de la Cruz Santiago, inform\u00f3 que el encuentro tuvo el objetivo de dar seguimiento a lo que fue aprobado el martes por el Pleno del Congreso, en busca de que realmente haya un proceso que incluya a todas las comunidades, pero que adem\u00e1s contemple la participaci\u00f3n de la totalidad de diputadas y diputados de la LXIII Legislatura.<\/p>\n<p style=\"text-align: justify;\">De igual manera se acord\u00f3 solicitar a la Jucopo, \u00f3rgano coordinador del proceso, que se involucre a esta comisi\u00f3n para que sean tomados en cuenta en la calendarizaci\u00f3n de actividades, as\u00ed como en la construcci\u00f3n del plan de trabajo.<\/p>\n<p style=\"text-align: justify;\">Participaron tambi\u00e9n la diputada Leticia Mosso Hern\u00e1ndez, secretaria, y la y los diputados vocales Ana Lenis Res\u00e9ndiz Javier, Masedonio Mendoza Basurto y Rafael Navarrete Quezada.<\/p>\n","protected":false},"excerpt":{"rendered":"<p>Chilpancingo, Gro., 23 febrero de 2022.- Las comisiones de Asuntos Ind\u00edgenas y Afromexicanos y de Derechos Humanos del Congreso del Estado realizaron de manera simult\u00e1neas sendas reuniones con la finalidad de afinar acciones para la implementaci\u00f3n del \u201cProtocolo para desarrollar de manera libre, previa, informada y de buena fe, el proceso de consulta para poder&#8230;<\/p>\n","protected":false},"author":1,"featured_media":2220,"comment_status":"closed","ping_status":"open","sticky":false,"template":"","format":"standard","meta":{"_monsterinsights_skip_tracking":false,"_monsterinsights_sitenote_active":false,"_monsterinsights_sitenote_note":"","_monsterinsights_sitenote_category":0,"footnotes":""},"categories":[3,55,30,12],"tags":[],"class_list":["post-2216","post","type-post","status-publish","format-standard","has-post-thumbnail","hentry","category-boletin","category-consulta-2022","category-leticia-mosso-hernandez","category-marben-de-la-cruz-santiago"],"aioseo_notices":[],"_links":{"self":[{"href":"https:\/\/congresogro.gob.mx\/63\/inicio\/wp-json\/wp\/v2\/posts\/2216","targetHints":{"allow":["GET"]}}],"collection":[{"href":"https:\/\/congresogro.gob.mx\/63\/inicio\/wp-json\/wp\/v2\/posts"}],"about":[{"href":"https:\/\/congresogro.gob.mx\/63\/inicio\/wp-json\/wp\/v2\/types\/post"}],"author":[{"embeddable":true,"href":"https:\/\/congresogro.gob.mx\/63\/inicio\/wp-json\/wp\/v2\/users\/1"}],"replies":[{"embeddable":true,"href":"https:\/\/congresogro.gob.mx\/63\/inicio\/wp-json\/wp\/v2\/comments?post=2216"}],"version-history":[{"count":2,"href":"https:\/\/congresogro.gob.mx\/63\/inicio\/wp-json\/wp\/v2\/posts\/2216\/revisions"}],"predecessor-version":[{"id":2219,"href":"https:\/\/congresogro.gob.mx\/63\/inicio\/wp-json\/wp\/v2\/posts\/2216\/revisions\/2219"}],"wp:featuredmedia":[{"embeddable":true,"href":"https:\/\/congresogro.gob.mx\/63\/inicio\/wp-json\/wp\/v2\/media\/2220"}],"wp:attachment":[{"href":"https:\/\/congresogro.gob.mx\/63\/inicio\/wp-json\/wp\/v2\/media?parent=2216"}],"wp:term":[{"taxonomy":"category","embeddable":true,"href":"https:\/\/congresogro.gob.mx\/63\/inicio\/wp-json\/wp\/v2\/categories?post=2216"},{"taxonomy":"post_tag","embeddable":true,"href":"https:\/\/congresogro.gob.mx\/63\/inicio\/wp-json\/wp\/v2\/tags?post=2216"}],"curies":[{"name":"wp","href":"https:\/\/api.w.org\/{rel}","templated":true}]}}