{"id":2212,"date":"2022-02-23T09:55:30","date_gmt":"2022-02-23T15:55:30","guid":{"rendered":"https:\/\/congresogro.gob.mx\/63\/inicio\/?p=2212"},"modified":"2022-02-24T09:56:52","modified_gmt":"2022-02-24T15:56:52","slug":"imparten-conferencias-sobre-atribuciones-y-control-parlamentario-en-el-instituto-de-estudios-eduardo-neri","status":"publish","type":"post","link":"https:\/\/congresogro.gob.mx\/63\/inicio\/2022\/02\/23\/imparten-conferencias-sobre-atribuciones-y-control-parlamentario-en-el-instituto-de-estudios-eduardo-neri\/","title":{"rendered":"IMPARTEN CONFERENCIAS SOBRE ATRIBUCIONES Y CONTROL PARLAMENTARIO EN EL INSTITUTO DE ESTUDIOS \u201cEDUARDO NERI\u201d"},"content":{"rendered":"<p style=\"text-align: justify;\"><strong>Chilpancingo, Gro., a 23 de febrero de 2022<\/strong>.- El Congreso del Estado, a trav\u00e9s del Comit\u00e9 del Instituto de Estudios Parlamentarios \u00abEduardo Neri\u00bb que preside el diputado Antonio Helguera Jim\u00e9nez, desarroll\u00f3 las conferencias magistrales \u201cLa Fiscalizaci\u00f3n Superior en el Contexto del Control Parlamentario\u201d y \u201cRiesgos y Oportunidades Electorales para Parlamentarios. Democracia Representativa\u201d, impartidas por los especialistas Adri\u00e1n Cruz P\u00e9rez y Salvador Nava Gomar, respectivamente.<\/p>\n<p style=\"text-align: justify;\">Estas conferencias tienen como prop\u00f3sito mejorar el trabajo al interior del Poder Legislativo, conocer las atribuciones de sus miembros respecto a los informes financieros y la fiscalizaci\u00f3n de las cuentas p\u00fablicas de las administraciones, a trav\u00e9s de la Auditor\u00eda Superior del Estado.<\/p>\n<p style=\"text-align: justify;\">Asimismo, lo relacionado a las acciones y manera en que las y los legisladores deben basar su acciones y atribuciones durante los procesos electorales, consultas de revocaci\u00f3n de mandato, vedas electorales y dem\u00e1s procesos en la materia cu\u00e1ndo estos est\u00e1n bajo el mandato constitucional, para evitar actos de proselitismo pol\u00edtico.<\/p>\n<p style=\"text-align: justify;\">Al ofrecer un mensaje, el presidente del citado comit\u00e9, diputado Antonio Helguera Jim\u00e9nez, agradeci\u00f3 a los conferencistas por compartir sus conocimientos y experiencias en el tema de la fiscalizaci\u00f3n superior, su desempe\u00f1o, efecto y consecuencia, y su grado de utilidad como elemento de control parlamentario.<\/p>\n<p style=\"text-align: justify;\">Tambi\u00e9n lo relativo a la materia de justicia y derecho electoral, constitucional y democracia representativa, que ser\u00e1n de gran utilidad en la vida parlamentaria y las diversas \u00e1reas de la funci\u00f3n p\u00fablica en general.<\/p>\n<p style=\"text-align: justify;\">Durante el desarrollo de las ponencias, diputadas y diputados plantearon a los conferencistas diversas problem\u00e1ticas y dudas respecto a las acciones que puede realizar en tribuna un legislador, el alcance del fuero constitucional, la paridad de g\u00e9nero y el reconocimiento de las mujeres en la vida pol\u00edtica, entre otros temas.<\/p>\n<p style=\"text-align: justify;\">Al culminar las ponencias, el presidente de la Junta de Coordinaci\u00f3n Pol\u00edtica, diputado Alfredo S\u00e1nchez Esquivel, hizo entrega de reconocimientos a los ponentes no sin antes reconocer su experiencia sobre los temas impartidos.<\/p>\n<p style=\"text-align: justify;\">De igual manera, felicit\u00f3 a las y los diputados integrantes del Comit\u00e9 del Instituto de Estudios Parlamentarios \u00abEduardo Neri\u00bb por tan importante actividad que contribuir\u00e1 a un mejor desempe\u00f1o de las y los integrantes de la LXIII Legislatura.<\/p>\n<p style=\"text-align: justify;\">Asistieron tambi\u00e9n las y los diputados Jessica Alejo Rayo, Leticia Castro Ortiz, Beatriz Mojica Morga, Mar\u00eda Flores Maldonado, Raymundo Garc\u00eda Guti\u00e9rrez, Osbaldo R\u00edos Manrique, Adolfo Torales Catal\u00e1n y Andr\u00e9s Guevara C\u00e1rdenas, adem\u00e1s de la consejera presidenta del Instituto Electoral y de Participaci\u00f3n Ciudadana del Estado de Guerrero, Luz Fabiola Matildes Gama; representantes del Tribunal Electoral del Estado, de instituciones educativas y personal t\u00e9cnico y de asesor\u00eda del Congreso del Estado.<\/p>\n","protected":false},"excerpt":{"rendered":"<p>Chilpancingo, Gro., a 23 de febrero de 2022.- El Congreso del Estado, a trav\u00e9s del Comit\u00e9 del Instituto de Estudios Parlamentarios \u00abEduardo Neri\u00bb que preside el diputado Antonio Helguera Jim\u00e9nez, desarroll\u00f3 las conferencias magistrales \u201cLa Fiscalizaci\u00f3n Superior en el Contexto del Control Parlamentario\u201d y \u201cRiesgos y Oportunidades Electorales para Parlamentarios. Democracia Representativa\u201d, impartidas por los&#8230;<\/p>\n","protected":false},"author":1,"featured_media":2214,"comment_status":"closed","ping_status":"open","sticky":false,"template":"","format":"standard","meta":{"_monsterinsights_skip_tracking":false,"_monsterinsights_sitenote_active":false,"_monsterinsights_sitenote_note":"","_monsterinsights_sitenote_category":0,"footnotes":""},"categories":[17,3],"tags":[],"class_list":["post-2212","post","type-post","status-publish","format-standard","has-post-thumbnail","hentry","category-antonio-helguera-jimenez","category-boletin"],"aioseo_notices":[],"_links":{"self":[{"href":"https:\/\/congresogro.gob.mx\/63\/inicio\/wp-json\/wp\/v2\/posts\/2212","targetHints":{"allow":["GET"]}}],"collection":[{"href":"https:\/\/congresogro.gob.mx\/63\/inicio\/wp-json\/wp\/v2\/posts"}],"about":[{"href":"https:\/\/congresogro.gob.mx\/63\/inicio\/wp-json\/wp\/v2\/types\/post"}],"author":[{"embeddable":true,"href":"https:\/\/congresogro.gob.mx\/63\/inicio\/wp-json\/wp\/v2\/users\/1"}],"replies":[{"embeddable":true,"href":"https:\/\/congresogro.gob.mx\/63\/inicio\/wp-json\/wp\/v2\/comments?post=2212"}],"version-history":[{"count":1,"href":"https:\/\/congresogro.gob.mx\/63\/inicio\/wp-json\/wp\/v2\/posts\/2212\/revisions"}],"predecessor-version":[{"id":2215,"href":"https:\/\/congresogro.gob.mx\/63\/inicio\/wp-json\/wp\/v2\/posts\/2212\/revisions\/2215"}],"wp:featuredmedia":[{"embeddable":true,"href":"https:\/\/congresogro.gob.mx\/63\/inicio\/wp-json\/wp\/v2\/media\/2214"}],"wp:attachment":[{"href":"https:\/\/congresogro.gob.mx\/63\/inicio\/wp-json\/wp\/v2\/media?parent=2212"}],"wp:term":[{"taxonomy":"category","embeddable":true,"href":"https:\/\/congresogro.gob.mx\/63\/inicio\/wp-json\/wp\/v2\/categories?post=2212"},{"taxonomy":"post_tag","embeddable":true,"href":"https:\/\/congresogro.gob.mx\/63\/inicio\/wp-json\/wp\/v2\/tags?post=2212"}],"curies":[{"name":"wp","href":"https:\/\/api.w.org\/{rel}","templated":true}]}}