{"id":2208,"date":"2022-02-22T21:30:45","date_gmt":"2022-02-23T03:30:45","guid":{"rendered":"https:\/\/congresogro.gob.mx\/63\/inicio\/?p=2208"},"modified":"2022-02-22T21:30:45","modified_gmt":"2022-02-23T03:30:45","slug":"recaban-propuestas-en-la-comision-de-reformas-legislativas-y-politica-publica-para-prevenir-y-erradicar-la-violencia-contra-las-mujeres","status":"publish","type":"post","link":"https:\/\/congresogro.gob.mx\/63\/inicio\/2022\/02\/22\/recaban-propuestas-en-la-comision-de-reformas-legislativas-y-politica-publica-para-prevenir-y-erradicar-la-violencia-contra-las-mujeres\/","title":{"rendered":"RECABAN PROPUESTAS EN LA COMISI\u00d3N DE REFORMAS LEGISLATIVAS Y POL\u00cdTICA P\u00daBLICA PARA PREVENIR Y ERRADICAR LA VIOLENCIA CONTRA LAS MUJERES"},"content":{"rendered":"<p style=\"text-align: justify;\"><strong>Chilpancingo, Gro., 22 de febrero de 2022.- <\/strong>Este martes se realiz\u00f3 una reuni\u00f3n de la Comisi\u00f3n de Reformas Legislativas y Pol\u00edtica P\u00fablica del Sistema Estatal para Prevenir, Atender, Sancionar y Erradicar la Violencia Contra las Mujeres del Estado de Guerrero, marco durante el cual se presentaron diversas propuestas para garantizar los derechos de este sector.<\/p>\n<p style=\"text-align: justify;\">Los trabajos fueron coordinados por la diputada Gabriela Bernal Res\u00e9ndiz, contando con la participaci\u00f3n de las diputadas Leticia Mosso Hern\u00e1ndez, Patricia Doroteo Calder\u00f3n, Citlali Calixto Jim\u00e9nez y Alicia Zamora Villalva, todas ellas integrantes de la Comisi\u00f3n Para la Igualdad de G\u00e9nero del Congreso del Estado.<\/p>\n<p style=\"text-align: justify;\">Las legisladoras celebraron el encuentro y coincidieron en la necesidad de trabajar de manera conjunta para desahogar los temas pendientes en la materia, con el objetivo de fortalecer el marco jur\u00eddico en favor de las mujeres.<\/p>\n<p style=\"text-align: justify;\">En su oportunidad, la diputada Gabriela Bernal Res\u00e9ndiz aplaudi\u00f3 la disposici\u00f3n de las diputadas, autoridades y organizaciones civiles presentes, por su voluntad de alcanzar un objetivo com\u00fan, que es adecuar y construir el marco jur\u00eddico que garantice el goce pleno de los derechos de las ni\u00f1as, adolescentes y mujeres.<\/p>\n<p style=\"text-align: justify;\">Refiri\u00f3 que el trabajo sororal de todas y todos har\u00e1 que Guerrero cuente con leyes a la vanguardia que est\u00e9n apegadas a la realidad actual.<\/p>\n<p style=\"text-align: justify;\">Por su parte, la diputada Citlali Calixto Jim\u00e9nez dijo que es necesario realizar un calendario que permita la materializaci\u00f3n de las propuestas, y les pidi\u00f3 tener confianza, ya que las une la lucha por los derechos de las mujeres, dejando a un lado los partidos pol\u00edticos, a lo cual se suma el apoyo de diputadas y diputados aliados.<\/p>\n<p style=\"text-align: justify;\">Al tomar la palabra, la diputada Leticia Mosso Hern\u00e1ndez apunt\u00f3 que en la regi\u00f3n de la Monta\u00f1a es necesaria una mayor difusi\u00f3n sobre las acciones que se est\u00e1n realizando. Asimismo, asegur\u00f3 que los ayuntamientos no cuentan con refugios para las v\u00edctimas, situaci\u00f3n que habr\u00e1 que resolver.<\/p>\n<p style=\"text-align: justify;\">De la misma manera, la diputada Alicia Zamora Villalva llam\u00f3 a que la problem\u00e1tica de las mujeres no se politice, apuntando que se debe de hacer un esfuerzo y lograr acuerdos con las organizaciones sociales y los tres poderes del estado, adem\u00e1s de que es de gran importancia la participaci\u00f3n de la federaci\u00f3n.<\/p>\n<p style=\"text-align: justify;\">Por \u00faltimo, la diputada Patricia Doroteo Calder\u00f3n celebr\u00f3 que en el Congreso de Guerrero existan hombres aliados que coadyuvar\u00e1n a sacar adelante la agenda legislativa en favor de las mujeres, para mejores resultados.<\/p>\n<p style=\"text-align: justify;\">Estuvo presente la secretaria de la Mujer en el estado, Violeta Pino Gir\u00f3n; la directora estatal para Prevenir la Violencia contra la Mujer, Yenedith Barrientos Santiago, en representaci\u00f3n de la Secretar\u00eda General de Gobierno, as\u00ed como mujeres de diferentes organizaciones que integran dicho \u00f3rgano. Todas \u00e9stas celebraron la convocatoria y reconocieron el trabajo realizado desde el Congreso.<\/p>\n<p style=\"text-align: justify;\">Entre las propuestas que se presentaron est\u00e1 trabajar en la homologaci\u00f3n de leyes locales con las federales; mejorar los criterios para las \u00abcuotas\u00bb de igualdad al interior de los partidos y las instituciones; lograr la paridad en todo; atenci\u00f3n a las alertas de g\u00e9nero; mejorar la legislaci\u00f3n para prevenir y sancionar el feminicidio; incrementar el presupuesto para la difusi\u00f3n y la realizaci\u00f3n de pol\u00edticas p\u00fablicas en la materia; instalaci\u00f3n de refugios para mujeres v\u00edctimas de violencia y sus familias en la entidad, entre otros temas.<\/p>\n","protected":false},"excerpt":{"rendered":"<p>Chilpancingo, Gro., 22 de febrero de 2022.- Este martes se realiz\u00f3 una reuni\u00f3n de la Comisi\u00f3n de Reformas Legislativas y Pol\u00edtica P\u00fablica del Sistema Estatal para Prevenir, Atender, Sancionar y Erradicar la Violencia Contra las Mujeres del Estado de Guerrero, marco durante el cual se presentaron diversas propuestas para garantizar los derechos de este sector&#8230;.<\/p>\n","protected":false},"author":1,"featured_media":2210,"comment_status":"closed","ping_status":"open","sticky":false,"template":"","format":"standard","meta":{"_monsterinsights_skip_tracking":false,"_monsterinsights_sitenote_active":false,"_monsterinsights_sitenote_note":"","_monsterinsights_sitenote_category":0,"footnotes":""},"categories":[3],"tags":[],"class_list":["post-2208","post","type-post","status-publish","format-standard","has-post-thumbnail","hentry","category-boletin"],"aioseo_notices":[],"_links":{"self":[{"href":"https:\/\/congresogro.gob.mx\/63\/inicio\/wp-json\/wp\/v2\/posts\/2208","targetHints":{"allow":["GET"]}}],"collection":[{"href":"https:\/\/congresogro.gob.mx\/63\/inicio\/wp-json\/wp\/v2\/posts"}],"about":[{"href":"https:\/\/congresogro.gob.mx\/63\/inicio\/wp-json\/wp\/v2\/types\/post"}],"author":[{"embeddable":true,"href":"https:\/\/congresogro.gob.mx\/63\/inicio\/wp-json\/wp\/v2\/users\/1"}],"replies":[{"embeddable":true,"href":"https:\/\/congresogro.gob.mx\/63\/inicio\/wp-json\/wp\/v2\/comments?post=2208"}],"version-history":[{"count":1,"href":"https:\/\/congresogro.gob.mx\/63\/inicio\/wp-json\/wp\/v2\/posts\/2208\/revisions"}],"predecessor-version":[{"id":2211,"href":"https:\/\/congresogro.gob.mx\/63\/inicio\/wp-json\/wp\/v2\/posts\/2208\/revisions\/2211"}],"wp:featuredmedia":[{"embeddable":true,"href":"https:\/\/congresogro.gob.mx\/63\/inicio\/wp-json\/wp\/v2\/media\/2210"}],"wp:attachment":[{"href":"https:\/\/congresogro.gob.mx\/63\/inicio\/wp-json\/wp\/v2\/media?parent=2208"}],"wp:term":[{"taxonomy":"category","embeddable":true,"href":"https:\/\/congresogro.gob.mx\/63\/inicio\/wp-json\/wp\/v2\/categories?post=2208"},{"taxonomy":"post_tag","embeddable":true,"href":"https:\/\/congresogro.gob.mx\/63\/inicio\/wp-json\/wp\/v2\/tags?post=2208"}],"curies":[{"name":"wp","href":"https:\/\/api.w.org\/{rel}","templated":true}]}}