{"id":2204,"date":"2022-02-22T21:29:38","date_gmt":"2022-02-23T03:29:38","guid":{"rendered":"https:\/\/congresogro.gob.mx\/63\/inicio\/?p=2204"},"modified":"2022-03-11T20:52:45","modified_gmt":"2022-03-12T02:52:45","slug":"aprueba-comision-permanente-del-congreso-el-protocolo-para-las-consultas-en-comunidades-indigenas-y-afromexicanas-de-guerrero","status":"publish","type":"post","link":"https:\/\/congresogro.gob.mx\/63\/inicio\/2022\/02\/22\/aprueba-comision-permanente-del-congreso-el-protocolo-para-las-consultas-en-comunidades-indigenas-y-afromexicanas-de-guerrero\/","title":{"rendered":"APRUEBA COMISI\u00d3N PERMANENTE DEL CONGRESO EL PROTOCOLO PARA LAS CONSULTAS EN COMUNIDADES IND\u00cdGENAS Y AFROMEXICANAS DE GUERRERO"},"content":{"rendered":"<p style=\"text-align: justify;\"><strong>Chilpancingo, Gro., 22 de febrero de 2022.-<\/strong> Diputadas y diputados de la Comisi\u00f3n Permanente aprobaron en sesi\u00f3n de este martes un Acuerdo Parlamentario de la Junta de Coordinaci\u00f3n Pol\u00edtica que contiene el \u201cProtocolo para desarrollar de manera libre, previa, informada y de buena fe el proceso de consulta para poder crear, reformar, adicionar o derogar las leyes que impacten en la esfera de derechos a las comunidades y pueblos ind\u00edgenas y afromexicanos\u201d.<\/p>\n<p style=\"text-align: justify;\">Esto para dar cumplimiento a las sentencias que emiti\u00f3 la Suprema Corte de Justicia de la Naci\u00f3n por acciones de inconstitucionalidad relativas a los decretos 778 por el que se reformaron, adicionaron y derogaron diversas disposiciones de las Leyes de Reconocimiento, Derechos y Cultura de los Pueblos y Comunidades Ind\u00edgenas; del Sistema de Seguridad P\u00fablica; el Decreto 756 por el que se reforma el art\u00edculo 14 de la Constituci\u00f3n Pol\u00edtica; a la Ley de Instituciones y Procedimientos Electorales, y reformas a la Ley de Educaci\u00f3n, todas del Estado de Guerrero.<\/p>\n<p style=\"text-align: justify;\">El acuerdo indica que el Congreso del Estado es parte vinculante junto con el Ejecutivo estatal en las resoluciones de acci\u00f3n de inconstitucionalidad, es imprescindible generar los mecanismos que permitan el desarrollo de actividades para la realizaci\u00f3n de consultas en las comunidades y pueblos ind\u00edgenas y afromexicanos, para estar en posibilidades de crear o modificar los ordenamientos legales que se vieron impactados por la declaratoria de inconstitucionalidad respectiva.<\/p>\n<p style=\"text-align: justify;\">Ante esto, el Poder Legislativo se prepara para llevar a cabo las referidas consultas conforme a los principios y est\u00e1ndares dispuestos en la Constituci\u00f3n Pol\u00edtica de los Estados Unidos Mexicanos y expuestos por la misma Suprema Corte en las sentencias.<\/p>\n<p style=\"text-align: justify;\">Entre las disposiciones que se contemplan en el Protocolo est\u00e1n el reconocimiento a la identidad multi\u00e9tnica, pluriling\u00fc\u00edstica y pluricultural sustentada en sus pueblos originarios, particularmente los nahuas, mixtecos, tlapanecos y amuzgos, as\u00ed como sus comunidades afromexicanas.<\/p>\n<p style=\"text-align: justify;\">Tambi\u00e9n se prev\u00e9 dar cumplimiento al Convenio 169 de la Organizaci\u00f3n Internacional del Trabajo sobre Pueblos Ind\u00edgenas y Tribales en Pa\u00edses Independientes (OIT), que precisa en sus art\u00edculos 6 y 7, numerales 1 y 2, que al aplicar la legislaci\u00f3n nacional a los pueblos interesados, deber\u00e1n tomarse debidamente en consideraci\u00f3n que los pueblos ind\u00edgenas tienen el derecho humano a ser consultados, mediante procedimientos culturalmente adecuados, libres, informados y de buena fe.<\/p>\n<p style=\"text-align: justify;\">Asimismo, para coadyuvar en el proceso de consulta, se conformar\u00e1 un Grupo T\u00e9cnico lnterinstitucional con representantes del Instituto Nacional de los Pueblos Ind\u00edgenas, Instituto Nacional de Estad\u00edstica y Geograf\u00eda, la Junta de Coordinaci\u00f3n Pol\u00edtica de la LXIII Legislatura y las Secretar\u00edas General de Gobierno, de Asuntos Ind\u00edgenas y Afromexicanos, de Seguridad P\u00fablica, de la Mujer, la Comisi\u00f3n de los Derechos Humanos del Estado de Guerrero y del Instituto Electoral y de Participaci\u00f3n Ciudadana.<\/p>\n<p style=\"text-align: justify;\">Adem\u00e1s, la Comisi\u00f3n de los Derechos Humanos del Estado, en calidad de \u00f3rgano garante, vigilar\u00e1 que en el proceso de consulta a los pueblos y comunidades ind\u00edgenas y afromexicanos se les garanticen todos sus derechos, mientras que por parte de las Asambleas Regionales o Municipales de los pueblos y comunidades ind\u00edgenas se designar\u00e1 a los traductores e int\u00e9rpretes.<\/p>\n","protected":false},"excerpt":{"rendered":"<p>Chilpancingo, Gro., 22 de febrero de 2022.- Diputadas y diputados de la Comisi\u00f3n Permanente aprobaron en sesi\u00f3n de este martes un Acuerdo Parlamentario de la Junta de Coordinaci\u00f3n Pol\u00edtica que contiene el \u201cProtocolo para desarrollar de manera libre, previa, informada y de buena fe el proceso de consulta para poder crear, reformar, adicionar o derogar&#8230;<\/p>\n","protected":false},"author":1,"featured_media":2206,"comment_status":"closed","ping_status":"open","sticky":false,"template":"","format":"standard","meta":{"_monsterinsights_skip_tracking":false,"_monsterinsights_sitenote_active":false,"_monsterinsights_sitenote_note":"","_monsterinsights_sitenote_category":0,"footnotes":""},"categories":[3,55],"tags":[],"class_list":["post-2204","post","type-post","status-publish","format-standard","has-post-thumbnail","hentry","category-boletin","category-consulta-2022"],"aioseo_notices":[],"_links":{"self":[{"href":"https:\/\/congresogro.gob.mx\/63\/inicio\/wp-json\/wp\/v2\/posts\/2204","targetHints":{"allow":["GET"]}}],"collection":[{"href":"https:\/\/congresogro.gob.mx\/63\/inicio\/wp-json\/wp\/v2\/posts"}],"about":[{"href":"https:\/\/congresogro.gob.mx\/63\/inicio\/wp-json\/wp\/v2\/types\/post"}],"author":[{"embeddable":true,"href":"https:\/\/congresogro.gob.mx\/63\/inicio\/wp-json\/wp\/v2\/users\/1"}],"replies":[{"embeddable":true,"href":"https:\/\/congresogro.gob.mx\/63\/inicio\/wp-json\/wp\/v2\/comments?post=2204"}],"version-history":[{"count":1,"href":"https:\/\/congresogro.gob.mx\/63\/inicio\/wp-json\/wp\/v2\/posts\/2204\/revisions"}],"predecessor-version":[{"id":2207,"href":"https:\/\/congresogro.gob.mx\/63\/inicio\/wp-json\/wp\/v2\/posts\/2204\/revisions\/2207"}],"wp:featuredmedia":[{"embeddable":true,"href":"https:\/\/congresogro.gob.mx\/63\/inicio\/wp-json\/wp\/v2\/media\/2206"}],"wp:attachment":[{"href":"https:\/\/congresogro.gob.mx\/63\/inicio\/wp-json\/wp\/v2\/media?parent=2204"}],"wp:term":[{"taxonomy":"category","embeddable":true,"href":"https:\/\/congresogro.gob.mx\/63\/inicio\/wp-json\/wp\/v2\/categories?post=2204"},{"taxonomy":"post_tag","embeddable":true,"href":"https:\/\/congresogro.gob.mx\/63\/inicio\/wp-json\/wp\/v2\/tags?post=2204"}],"curies":[{"name":"wp","href":"https:\/\/api.w.org\/{rel}","templated":true}]}}