{"id":2190,"date":"2022-02-21T21:14:56","date_gmt":"2022-02-22T03:14:56","guid":{"rendered":"https:\/\/congresogro.gob.mx\/63\/inicio\/?p=2190"},"modified":"2022-02-21T22:16:38","modified_gmt":"2022-02-22T04:16:38","slug":"atienden-diputados-a-integrantes-de-la-diversidad-sexual","status":"publish","type":"post","link":"https:\/\/congresogro.gob.mx\/63\/inicio\/2022\/02\/21\/atienden-diputados-a-integrantes-de-la-diversidad-sexual\/","title":{"rendered":"ATIENDEN DIPUTADOS A INTEGRANTES DE LA DIVERSIDAD SEXUAL"},"content":{"rendered":"<p style=\"text-align: justify;\"><strong>Chilpancingo, Gro., a 21 de enero de 2022.-<\/strong> El Congreso del Estado siempre ser\u00e1 un espacio de atenci\u00f3n y de coadyuvancia con todos los grupos sociales que soliciten ser atendidos, siempre en el \u00e1mbito de su competencia, atribuciones, y en el marco del respeto a los derechos de cada persona.<\/p>\n<p style=\"text-align: justify;\">As\u00ed lo manifestaron los diputados Alfredo S\u00e1nchez Esquivel, presidente de la Junta de Coordinaci\u00f3n Pol\u00edtica del Congreso del Estado, y su compa\u00f1ero legislador Osbaldo R\u00edos Manrique a integrantes del Consejo de la Diversidad Sexual del Estado de Guerrero, quienes se manifestaron este lunes frente al Recinto Legislativo.<\/p>\n<p style=\"text-align: justify;\">Ya reunidos al interior de las instalaciones, los manifestantes solicitaron a los diputados conocer las gestiones y puntos parlamentarios impulsados en favor de este sector, para que se les garanticen sus derechos en todos los \u00e1mbitos, as\u00ed como saber qu\u00e9 diputados locales los representan en el Congreso por la acci\u00f3n afirmativa.<\/p>\n<p style=\"text-align: justify;\">S\u00e1nchez Esquivel les extern\u00f3 que est\u00e1n retomando todos los asuntos que competen a los sectores sociales y que quedaron pendientes en la anterior legislatura, donde se incluye el tema de la diversidad sexual, mismo que, cumplido su procedimiento legislativo, en su momento ser\u00e1 sometido a la consideraci\u00f3n del Pleno de diputadas y diputados de esta LXIII Legislatura.<\/p>\n<p style=\"text-align: justify;\">Agreg\u00f3 que en lo que respecta al Grupo Parlamentario de Morena, su agenda legislativa en materia de derechos humanos contempla la legislaci\u00f3n para el reconocimiento pleno a los derechos sociales, culturales y jur\u00eddicos de todos los grupos sociales.<\/p>\n<p style=\"text-align: justify;\">En su oportunidad, el diputado R\u00edos Manrique les manifest\u00f3 que estar\u00e1n atentos a sus peticiones y les dar\u00e1n acompa\u00f1amiento, siempre con estricto apego a las directrices que les marca la Constituci\u00f3n y las leyes establecidas, sin invadir esferas que no son de su competencia.<\/p>\n<p style=\"text-align: justify;\">Les reiter\u00f3 que es firme su compromiso de velar por las garant\u00edas individuales de todos los sectores de la poblaci\u00f3n, lo cual contempla el respeto a los derechos humanos de quienes integran la diversidad sexual.<\/p>\n","protected":false},"excerpt":{"rendered":"<p>Chilpancingo, Gro., a 21 de enero de 2022.- El Congreso del Estado siempre ser\u00e1 un espacio de atenci\u00f3n y de coadyuvancia con todos los grupos sociales que soliciten ser atendidos, siempre en el \u00e1mbito de su competencia, atribuciones, y en el marco del respeto a los derechos de cada persona. As\u00ed lo manifestaron los diputados&#8230;<\/p>\n","protected":false},"author":1,"featured_media":2197,"comment_status":"closed","ping_status":"open","sticky":false,"template":"","format":"standard","meta":{"_monsterinsights_skip_tracking":false,"_monsterinsights_sitenote_active":false,"_monsterinsights_sitenote_note":"","_monsterinsights_sitenote_category":0,"footnotes":""},"categories":[4,3],"tags":[],"class_list":["post-2190","post","type-post","status-publish","format-standard","has-post-thumbnail","hentry","category-alfredo-sanchez-esquivel","category-boletin"],"aioseo_notices":[],"_links":{"self":[{"href":"https:\/\/congresogro.gob.mx\/63\/inicio\/wp-json\/wp\/v2\/posts\/2190","targetHints":{"allow":["GET"]}}],"collection":[{"href":"https:\/\/congresogro.gob.mx\/63\/inicio\/wp-json\/wp\/v2\/posts"}],"about":[{"href":"https:\/\/congresogro.gob.mx\/63\/inicio\/wp-json\/wp\/v2\/types\/post"}],"author":[{"embeddable":true,"href":"https:\/\/congresogro.gob.mx\/63\/inicio\/wp-json\/wp\/v2\/users\/1"}],"replies":[{"embeddable":true,"href":"https:\/\/congresogro.gob.mx\/63\/inicio\/wp-json\/wp\/v2\/comments?post=2190"}],"version-history":[{"count":1,"href":"https:\/\/congresogro.gob.mx\/63\/inicio\/wp-json\/wp\/v2\/posts\/2190\/revisions"}],"predecessor-version":[{"id":2193,"href":"https:\/\/congresogro.gob.mx\/63\/inicio\/wp-json\/wp\/v2\/posts\/2190\/revisions\/2193"}],"wp:featuredmedia":[{"embeddable":true,"href":"https:\/\/congresogro.gob.mx\/63\/inicio\/wp-json\/wp\/v2\/media\/2197"}],"wp:attachment":[{"href":"https:\/\/congresogro.gob.mx\/63\/inicio\/wp-json\/wp\/v2\/media?parent=2190"}],"wp:term":[{"taxonomy":"category","embeddable":true,"href":"https:\/\/congresogro.gob.mx\/63\/inicio\/wp-json\/wp\/v2\/categories?post=2190"},{"taxonomy":"post_tag","embeddable":true,"href":"https:\/\/congresogro.gob.mx\/63\/inicio\/wp-json\/wp\/v2\/tags?post=2190"}],"curies":[{"name":"wp","href":"https:\/\/api.w.org\/{rel}","templated":true}]}}