{"id":2186,"date":"2022-02-21T21:13:29","date_gmt":"2022-02-22T03:13:29","guid":{"rendered":"https:\/\/congresogro.gob.mx\/63\/inicio\/?p=2186"},"modified":"2022-02-21T21:13:29","modified_gmt":"2022-02-22T03:13:29","slug":"analizan-propuestas-en-el-congreso-del-estado-para-la-prevencion-y-combate-del-cancer","status":"publish","type":"post","link":"https:\/\/congresogro.gob.mx\/63\/inicio\/2022\/02\/21\/analizan-propuestas-en-el-congreso-del-estado-para-la-prevencion-y-combate-del-cancer\/","title":{"rendered":"ANALIZAN PROPUESTAS EN EL CONGRESO DEL ESTADO  PARA LA PREVENCI\u00d3N Y COMBATE DEL C\u00c1NCER"},"content":{"rendered":"<p style=\"text-align: justify;\"><strong>Chilpancingo, Gro., 21 de febrero de 2022.- <\/strong>Debido al incremento de casos de c\u00e1ncer en la mujer, como el de mama y c\u00e9rvico uterino, el Congreso del Estado analiza reformas y acuerdos para que la Secretar\u00eda de Salud, en coordinaci\u00f3n con los ayuntamientos y el Consejo Municipal de Ayutla de los Libres, implementen campa\u00f1as de difusi\u00f3n para la concientizaci\u00f3n y prevenci\u00f3n de estos padecimientos.<\/p>\n<p style=\"text-align: justify;\">Y es que de acuerdo con informaci\u00f3n del Instituto Nacional de Estad\u00edstica y Geograf\u00eda, en Guerrero prevalec\u00edan 6.82 casos de incidencia de tumor maligno de mama en mujeres de 20 a\u00f1os y m\u00e1s por cada cien mil habitantes, mientras que en el 2016 el Instituto Estatal de Cancerolog\u00eda inform\u00f3 que se ten\u00edan 3 mil casos y para 2019 hab\u00eda 420, de los cuales el 15 por ciento correspond\u00eda a mujeres menores de 40 a\u00f1os, algo inquietante porque anteriormente este mal afectaba a mujeres de 60 y 70 a\u00f1os en promedio.<\/p>\n<p style=\"text-align: justify;\">En ese sentido, las iniciativas que se analizan en las comisiones legislativas respectivas son las adiciones a la Ley de Salud del Estado de Guerrero para garantizar que la Secretar\u00eda de Salud implemente estrategias de prevenci\u00f3n, atenci\u00f3n, tratamiento y seguimiento del c\u00e1ncer de mama, a trav\u00e9s de campa\u00f1as de difusi\u00f3n.<\/p>\n<p style=\"text-align: justify;\">Asimismo, para que se les brinde puntual atenci\u00f3n a las pacientes que se detecten con este problema, con atenci\u00f3n psicol\u00f3gica, consejer\u00eda y acompa\u00f1amiento emocional, e incluso se considere la posible reconstrucci\u00f3n de los \u00f3rganos.<\/p>\n<p style=\"text-align: justify;\">Se estudia tambi\u00e9n la posibilidad de crear el Registro Estatal del C\u00e1ncer, que recopile toda la informaci\u00f3n relativa a la incidencia, causas y diagn\u00f3sticos sobre esta enfermedad, y vincule a todas las instituciones del sector salud, tanto p\u00fablicas como privadas.<\/p>\n<p style=\"text-align: justify;\">Con la informaci\u00f3n debidamente sistematizada que contenga, este registro permitir\u00e1 unir esfuerzos para atender oportunamente los diagn\u00f3sticos del padecimiento y reducir la mortalidad, o en su caso, hacer todo lo posible para que el o la paciente reciba cuidados paliativos de alta calidad, independientemente del lugar en donde decidan ser atendidos.<\/p>\n<p style=\"text-align: justify;\">Adem\u00e1s, se analiza un exhorto a los ayuntamientos del estado y al Concejo Municipal de Ayutla de los Libres, as\u00ed como a organismos p\u00fablicos descentralizados, para que realicen y refuercen las campa\u00f1as de concientizaci\u00f3n y prevenci\u00f3n del c\u00e1ncer de mama.<\/p>\n<p style=\"text-align: justify;\">Igualmente se analiza y discute una iniciativa de adici\u00f3n a la Ley de Trabajo de los Servidores P\u00fablicos del Estado de Guerrero y a la Ley Estatuto de los Trabajadores al Servicio del Estado, de los Municipios y de los Organismos P\u00fablicos Coordinados y Descentralizados del Estado, para otorgar permiso de un d\u00eda al a\u00f1o con goce de sueldo a trabajadores que deseen realizarse estudios de detecci\u00f3n temprana de c\u00e1ncer de mama y\/o c\u00e9rvico-uterino, en el caso de las mujeres, y de pr\u00f3stata y testicular en el caso de los hombres.<\/p>\n<p style=\"text-align: justify;\">Una vez aprobadas estas iniciativas y exhortos, la LXIII Legislatura estar\u00eda coadyuvando para que quienes padezcan o hayan padecido alg\u00fan tipo de c\u00e1ncer, tengan una mejor calidad de vida.<\/p>\n","protected":false},"excerpt":{"rendered":"<p>Chilpancingo, Gro., 21 de febrero de 2022.- Debido al incremento de casos de c\u00e1ncer en la mujer, como el de mama y c\u00e9rvico uterino, el Congreso del Estado analiza reformas y acuerdos para que la Secretar\u00eda de Salud, en coordinaci\u00f3n con los ayuntamientos y el Consejo Municipal de Ayutla de los Libres, implementen campa\u00f1as de&#8230;<\/p>\n","protected":false},"author":1,"featured_media":2188,"comment_status":"closed","ping_status":"open","sticky":false,"template":"","format":"standard","meta":{"_monsterinsights_skip_tracking":false,"_monsterinsights_sitenote_active":false,"_monsterinsights_sitenote_note":"","_monsterinsights_sitenote_category":0,"footnotes":""},"categories":[3],"tags":[],"class_list":["post-2186","post","type-post","status-publish","format-standard","has-post-thumbnail","hentry","category-boletin"],"aioseo_notices":[],"_links":{"self":[{"href":"https:\/\/congresogro.gob.mx\/63\/inicio\/wp-json\/wp\/v2\/posts\/2186","targetHints":{"allow":["GET"]}}],"collection":[{"href":"https:\/\/congresogro.gob.mx\/63\/inicio\/wp-json\/wp\/v2\/posts"}],"about":[{"href":"https:\/\/congresogro.gob.mx\/63\/inicio\/wp-json\/wp\/v2\/types\/post"}],"author":[{"embeddable":true,"href":"https:\/\/congresogro.gob.mx\/63\/inicio\/wp-json\/wp\/v2\/users\/1"}],"replies":[{"embeddable":true,"href":"https:\/\/congresogro.gob.mx\/63\/inicio\/wp-json\/wp\/v2\/comments?post=2186"}],"version-history":[{"count":1,"href":"https:\/\/congresogro.gob.mx\/63\/inicio\/wp-json\/wp\/v2\/posts\/2186\/revisions"}],"predecessor-version":[{"id":2189,"href":"https:\/\/congresogro.gob.mx\/63\/inicio\/wp-json\/wp\/v2\/posts\/2186\/revisions\/2189"}],"wp:featuredmedia":[{"embeddable":true,"href":"https:\/\/congresogro.gob.mx\/63\/inicio\/wp-json\/wp\/v2\/media\/2188"}],"wp:attachment":[{"href":"https:\/\/congresogro.gob.mx\/63\/inicio\/wp-json\/wp\/v2\/media?parent=2186"}],"wp:term":[{"taxonomy":"category","embeddable":true,"href":"https:\/\/congresogro.gob.mx\/63\/inicio\/wp-json\/wp\/v2\/categories?post=2186"},{"taxonomy":"post_tag","embeddable":true,"href":"https:\/\/congresogro.gob.mx\/63\/inicio\/wp-json\/wp\/v2\/tags?post=2186"}],"curies":[{"name":"wp","href":"https:\/\/api.w.org\/{rel}","templated":true}]}}