{"id":2099,"date":"2022-02-15T09:35:34","date_gmt":"2022-02-15T15:35:34","guid":{"rendered":"https:\/\/congresogro.gob.mx\/63\/inicio\/?p=2099"},"modified":"2022-02-16T09:36:50","modified_gmt":"2022-02-16T15:36:50","slug":"reinstalan-en-el-congreso-comision-de-reformas-legislativas-y-politica-publica-para-erradicar-la-violencia-contra-las-mujeres","status":"publish","type":"post","link":"https:\/\/congresogro.gob.mx\/63\/inicio\/2022\/02\/15\/reinstalan-en-el-congreso-comision-de-reformas-legislativas-y-politica-publica-para-erradicar-la-violencia-contra-las-mujeres\/","title":{"rendered":"REINSTALAN EN EL CONGRESO COMISI\u00d3N DE REFORMAS LEGISLATIVAS Y POL\u00cdTICA P\u00daBLICA PARA ERRADICAR LA VIOLENCIA CONTRA LAS MUJERES"},"content":{"rendered":"<p style=\"text-align: justify;\"><strong>Chilpancingo, Gro., a 15 de febrero 2022<\/strong>.- En el Congreso del Estado se reinstal\u00f3 y realiz\u00f3 la primera sesi\u00f3n ordinaria de la Comisi\u00f3n de Reformas Legislativas y Pol\u00edtica P\u00fablica del Sistema Estatal para Prevenir, Atender, Sancionar y Erradicar la Violencia Contra las Mujeres del Estado de Guerrero, cuyo prop\u00f3sito es establecer acuerdos y consensos, mediante mesas de trabajo, para avanzar en materia de derechos humanos y garantizar una vida libre de violencia a las mujeres guerrerenses.<\/p>\n<p style=\"text-align: justify;\">Este \u00f3rgano de reformas legislativas estar\u00e1 conformado por las diputadas integrantes de la Comisi\u00f3n Para la Igualdad de G\u00e9nero de la LXIII Legislatura, diputada Gabriela Bernal Res\u00e9ndiz, quien fungir\u00e1 como coordinadora; como secretaria t\u00e9cnica la diputada Leticia Mosso Hern\u00e1ndez, as\u00ed como las legisladoras Alicia Elizabeth Zamora Villalva, Patricia Doroteo Calder\u00f3n y Gloria Citlalli Calixto Jim\u00e9nez, adem\u00e1s de representantes de los poderes Ejecutivo y Judicial, de la Comisi\u00f3n Estatal de Derechos Humanos del Estado e integrantes de la sociedad civil.<\/p>\n<p style=\"text-align: justify;\">Al dar su mensaje, la diputada Gabriela Bernal Res\u00e9ndiz agradeci\u00f3 a las diputadas que integran la LXIII Legislatura por su participaci\u00f3n y compromiso para impulsar iniciativas a diversos ordenamientos en favor de las mujeres, y con ello dar paso a garantizar la democracia participativa de las mujeres guerrerenses en todos \u00e1mbitos, que permita la igualdad de oportunidades entre hombres y mujeres.<\/p>\n<p style=\"text-align: justify;\">Asimismo, agradeci\u00f3 a las mujeres integrantes de los diferentes grupos de la sociedad civil y que formar\u00e1n parte de esta Comisi\u00f3n de Reformas Legislativas y Pol\u00edtica P\u00fablica, por su importante labor, al ser quienes visibilizan los diferentes tipos de violencia que sufren las f\u00e9minas de Guerrero,<\/p>\n<p style=\"text-align: justify;\">Bernal Res\u00e9ndiz indic\u00f3 que gracias a este trabajo conjunto se estar\u00e1 impulsando una agenda que se ver\u00e1 reflejada en pol\u00edticas p\u00fablicas que garanticen una vida libre de violencia para las mujeres y ni\u00f1as guerrerenses.<\/p>\n<p style=\"text-align: justify;\">Presenciaron el acto las diputadas Julieta Fern\u00e1ndez M\u00e1rquez, Nora Yanek Vel\u00e1zquez Mart\u00ednez, Ana Lenis Res\u00e9ndiz Javier, Marben de la Cruz Santiago, Ang\u00e9lica Espinoza Garc\u00eda, Jessica Alejo Rayo, Leticia Castro Ortiz, Claudia Sierra P\u00e9rez, Mar\u00eda Flores Maldonado y Susana Paola Ju\u00e1rez G\u00f3mez, y en representaci\u00f3n de la gobernadora Evelyn Salgado Pineda, la secretaria estatal de la Mujer, Violeta Pino Gir\u00f3n, as\u00ed como representantes del Tribunal Superior de Justicia del Estado y de la Comisi\u00f3n Estatal de Derechos Humanos del Estado.<\/p>\n<p style=\"text-align: justify;\">Posteriormente, en una conferencia de prensa la Comisi\u00f3n Para la Igualdad de G\u00e9nero dio a conocer la convocatoria para el Parlamento de Mujeres Guerrerenses 2022, espacio para promover, debatir e integrar una agenda legislativa para la prevenci\u00f3n y erradicaci\u00f3n de todas las formas de violencia contra este sector.<\/p>\n<p style=\"text-align: justify;\">Dicho evento se contempla realizar el pr\u00f3ximo lunes 14 de marzo de este a\u00f1o y est\u00e1n convocadas las mujeres de los 81 municipios para que presenten sus solicitudes de participaci\u00f3n, con temas como \u201cMujeres Ind\u00edgenas\u201d, \u201cMujeres con discapacidad\u201d, \u201cParidad de g\u00e9nero y reformas pendientes\u201d, \u201cAcciones para prevenir y erradicar la violencia de g\u00e9nero\u201d, \u201cPresupuesto con equidad de g\u00e9nero\u201d, \u201cDerechos de las mujeres\u201d, \u201cViolencia pol\u00edtica contra las mujeres\u201d y \u201cEspacios libres de violencia\u201d.<\/p>\n<p style=\"text-align: justify;\">Adem\u00e1s, en el marco de las actividades con motivo del \u201cD\u00eda de la Mujer Mexicana\u201d, diputadas locales participaron este martes en una conferencia impartida por la Maestra Maricela Gastel\u00fa Userralde, con temas relacionados al empoderamiento de la mujer.<\/p>\n<p style=\"text-align: justify;\">Estuvieron presentes la diputada Gabriela Bernal Res\u00e9ndiz, Leticia Mosso Hern\u00e1ndez, Patricia Doroteo Calder\u00f3n y Alicia Zamora Villalva, presidenta, secretaria y vocales de la Comisi\u00f3n Para la Igualdad de G\u00e9nero, as\u00ed como las legisladoras Leticia Castro Ortiz, Jessica Alejo Rayo, Ang\u00e9lica Espinoza Garc\u00eda, Ana Lenis Res\u00e9ndiz Javier, Marben de la Cruz Santiago, Claudia Sierra P\u00e9rez, Mar\u00eda Flores Maldonado y Susana Paola Ju\u00e1rez G\u00f3mez, adem\u00e1s de la secretaria de la Mujer del Gobierno del Estado, Violeta Pino Gir\u00f3n y la jefa de la Unidad para la Igualdad de G\u00e9nero del Congreso, Urbelina Vega V\u00e1zquez.<\/p>\n","protected":false},"excerpt":{"rendered":"<p>Chilpancingo, Gro., a 15 de febrero 2022.- En el Congreso del Estado se reinstal\u00f3 y realiz\u00f3 la primera sesi\u00f3n ordinaria de la Comisi\u00f3n de Reformas Legislativas y Pol\u00edtica P\u00fablica del Sistema Estatal para Prevenir, Atender, Sancionar y Erradicar la Violencia Contra las Mujeres del Estado de Guerrero, cuyo prop\u00f3sito es establecer acuerdos y consensos, mediante&#8230;<\/p>\n","protected":false},"author":1,"featured_media":2101,"comment_status":"closed","ping_status":"open","sticky":false,"template":"","format":"standard","meta":{"_monsterinsights_skip_tracking":false,"_monsterinsights_sitenote_active":false,"_monsterinsights_sitenote_note":"","_monsterinsights_sitenote_category":0,"footnotes":""},"categories":[3,42],"tags":[],"class_list":["post-2099","post","type-post","status-publish","format-standard","has-post-thumbnail","hentry","category-boletin","category-gabriela-bernal-resendiz"],"aioseo_notices":[],"_links":{"self":[{"href":"https:\/\/congresogro.gob.mx\/63\/inicio\/wp-json\/wp\/v2\/posts\/2099","targetHints":{"allow":["GET"]}}],"collection":[{"href":"https:\/\/congresogro.gob.mx\/63\/inicio\/wp-json\/wp\/v2\/posts"}],"about":[{"href":"https:\/\/congresogro.gob.mx\/63\/inicio\/wp-json\/wp\/v2\/types\/post"}],"author":[{"embeddable":true,"href":"https:\/\/congresogro.gob.mx\/63\/inicio\/wp-json\/wp\/v2\/users\/1"}],"replies":[{"embeddable":true,"href":"https:\/\/congresogro.gob.mx\/63\/inicio\/wp-json\/wp\/v2\/comments?post=2099"}],"version-history":[{"count":1,"href":"https:\/\/congresogro.gob.mx\/63\/inicio\/wp-json\/wp\/v2\/posts\/2099\/revisions"}],"predecessor-version":[{"id":2102,"href":"https:\/\/congresogro.gob.mx\/63\/inicio\/wp-json\/wp\/v2\/posts\/2099\/revisions\/2102"}],"wp:featuredmedia":[{"embeddable":true,"href":"https:\/\/congresogro.gob.mx\/63\/inicio\/wp-json\/wp\/v2\/media\/2101"}],"wp:attachment":[{"href":"https:\/\/congresogro.gob.mx\/63\/inicio\/wp-json\/wp\/v2\/media?parent=2099"}],"wp:term":[{"taxonomy":"category","embeddable":true,"href":"https:\/\/congresogro.gob.mx\/63\/inicio\/wp-json\/wp\/v2\/categories?post=2099"},{"taxonomy":"post_tag","embeddable":true,"href":"https:\/\/congresogro.gob.mx\/63\/inicio\/wp-json\/wp\/v2\/tags?post=2099"}],"curies":[{"name":"wp","href":"https:\/\/api.w.org\/{rel}","templated":true}]}}