{"id":2076,"date":"2022-02-11T17:32:57","date_gmt":"2022-02-11T23:32:57","guid":{"rendered":"https:\/\/congresogro.gob.mx\/63\/inicio\/?p=2076"},"modified":"2022-02-12T17:34:49","modified_gmt":"2022-02-12T23:34:49","slug":"atiende-alfredo-sanchez-esquivel-a-trabajadores-de-la-fiscalia-general-del-estado","status":"publish","type":"post","link":"https:\/\/congresogro.gob.mx\/63\/inicio\/2022\/02\/11\/atiende-alfredo-sanchez-esquivel-a-trabajadores-de-la-fiscalia-general-del-estado\/","title":{"rendered":"ATIENDE ALFREDO S\u00c1NCHEZ ESQUIVEL A  TRABAJADORES DE LA FISCAL\u00cdA GENERAL DEL ESTADO"},"content":{"rendered":"<p style=\"text-align: justify;\"><strong>Chilpancingo, Gro., a 11 de febrero 2022<\/strong>.- El diputado Alfredo S\u00e1nchez Esquivel, presidente de la Junta de Coordinaci\u00f3n Pol\u00edtica, se reuni\u00f3 con un grupo de trabajadores de la Fiscal\u00eda General del Estado, quienes pidieron la intervenci\u00f3n del Congreso para coadyuvar en la soluci\u00f3n de problemas laborales en la instituci\u00f3n de procuraci\u00f3n de justicia.<\/p>\n<p style=\"text-align: justify;\">Al exponer sus peticiones, se\u00f1alaron que han sido hostigados y amenazados por la actual fiscal general, al grado de pedirles su renuncia sin causa justificada. En ese sentido, mencionaron que es lamentable que se les despida intimid\u00e1ndolos, sin conocer sus antecedentes laborales ni su antig\u00fcedad en la dependencia.<\/p>\n<p style=\"text-align: justify;\">En respuesta, S\u00e1nchez Esquivel les asegur\u00f3 que el Congreso atender\u00e1 el asunto a mayor profundidad, escuchando a las dos partes, porque se necesita saber que est\u00e1 pasando en la Fiscal\u00eda, un tema que preocupa a las y los diputados.<\/p>\n<p style=\"text-align: justify;\">Se\u00f1al\u00f3 que no ser\u00e1n un Congreso que se abstraiga de la realidad que vive el estado y, en consecuencia, atender\u00e1 y buscar\u00e1 que la problem\u00e1tica se resuelva de la mejor manera, conforme a derecho y con estricto apego y respeto a los derechos humanos.<\/p>\n<p style=\"text-align: justify;\">El legislador les adelant\u00f3 que ya se analiza entre los grupos parlamentarios la posibilidad de hacer comparecer a los titulares de la Secretar\u00eda General de Gobierno, de la Secretar\u00eda de Seguridad P\u00fablica y de la misma Fiscal\u00eda, para abordar temas diversos.<\/p>\n<p style=\"text-align: justify;\">Les extern\u00f3 que est\u00e1 convencido de que los derechos humanos y garant\u00edas individuales no son negociables, como tampoco los derechos laborales pueden ser regresivos, sino progresivos.<\/p>\n<p style=\"text-align: justify;\">Asimismo, les dijo que es importante respetarse como seres humanos, todos y cada uno, y en esa medida se logra la armon\u00eda en el trabajo, principalmente en una instituci\u00f3n que es garante de los derechos jur\u00eddicos de la ciudadan\u00eda, por lo cual debe reforzarse para que trabaje con m\u00e1s eficiencia en favor de la sociedad.<\/p>\n<p style=\"text-align: justify;\">\u201cCoincidimos todos en que nadie puede actuar al margen de la ley; en ese sentido, y de acuerdo con nuestro \u00e1mbito de competencia, actuaremos en consecuencia. Sepan de momento que siempre tendr\u00e1n las puertas del Congreso abiertas y se escuchar\u00e1n y atender\u00e1n sus demandas, tal y como se atiende a los distintos sectores sociales\u201d, remarc\u00f3.<\/p>\n<p style=\"text-align: justify;\">Al final, los trabajadores externaron su confianza de que el Poder Legislativo intervendr\u00e1 y proteger\u00e1 a los trabajadores de la FGE, quienes demandan que no exista represalias en contra de ellos por exigir sus derechos.<\/p>\n<p style=\"text-align: justify;\">Entre los trabajadores que asistieron se encuentran peritos, ministerios p\u00fablicos, polic\u00edas investigadores ministeriales y personal administrativo en general.<\/p>\n","protected":false},"excerpt":{"rendered":"<p>Chilpancingo, Gro., a 11 de febrero 2022.- El diputado Alfredo S\u00e1nchez Esquivel, presidente de la Junta de Coordinaci\u00f3n Pol\u00edtica, se reuni\u00f3 con un grupo de trabajadores de la Fiscal\u00eda General del Estado, quienes pidieron la intervenci\u00f3n del Congreso para coadyuvar en la soluci\u00f3n de problemas laborales en la instituci\u00f3n de procuraci\u00f3n de justicia. Al exponer&#8230;<\/p>\n","protected":false},"author":1,"featured_media":2078,"comment_status":"closed","ping_status":"open","sticky":false,"template":"","format":"standard","meta":{"_monsterinsights_skip_tracking":false,"_monsterinsights_sitenote_active":false,"_monsterinsights_sitenote_note":"","_monsterinsights_sitenote_category":0,"footnotes":""},"categories":[4,3],"tags":[],"class_list":["post-2076","post","type-post","status-publish","format-standard","has-post-thumbnail","hentry","category-alfredo-sanchez-esquivel","category-boletin"],"aioseo_notices":[],"_links":{"self":[{"href":"https:\/\/congresogro.gob.mx\/63\/inicio\/wp-json\/wp\/v2\/posts\/2076","targetHints":{"allow":["GET"]}}],"collection":[{"href":"https:\/\/congresogro.gob.mx\/63\/inicio\/wp-json\/wp\/v2\/posts"}],"about":[{"href":"https:\/\/congresogro.gob.mx\/63\/inicio\/wp-json\/wp\/v2\/types\/post"}],"author":[{"embeddable":true,"href":"https:\/\/congresogro.gob.mx\/63\/inicio\/wp-json\/wp\/v2\/users\/1"}],"replies":[{"embeddable":true,"href":"https:\/\/congresogro.gob.mx\/63\/inicio\/wp-json\/wp\/v2\/comments?post=2076"}],"version-history":[{"count":1,"href":"https:\/\/congresogro.gob.mx\/63\/inicio\/wp-json\/wp\/v2\/posts\/2076\/revisions"}],"predecessor-version":[{"id":2079,"href":"https:\/\/congresogro.gob.mx\/63\/inicio\/wp-json\/wp\/v2\/posts\/2076\/revisions\/2079"}],"wp:featuredmedia":[{"embeddable":true,"href":"https:\/\/congresogro.gob.mx\/63\/inicio\/wp-json\/wp\/v2\/media\/2078"}],"wp:attachment":[{"href":"https:\/\/congresogro.gob.mx\/63\/inicio\/wp-json\/wp\/v2\/media?parent=2076"}],"wp:term":[{"taxonomy":"category","embeddable":true,"href":"https:\/\/congresogro.gob.mx\/63\/inicio\/wp-json\/wp\/v2\/categories?post=2076"},{"taxonomy":"post_tag","embeddable":true,"href":"https:\/\/congresogro.gob.mx\/63\/inicio\/wp-json\/wp\/v2\/tags?post=2076"}],"curies":[{"name":"wp","href":"https:\/\/api.w.org\/{rel}","templated":true}]}}