{"id":2072,"date":"2022-02-11T17:31:47","date_gmt":"2022-02-11T23:31:47","guid":{"rendered":"https:\/\/congresogro.gob.mx\/63\/inicio\/?p=2072"},"modified":"2022-02-12T17:32:44","modified_gmt":"2022-02-12T23:32:44","slug":"analizan-en-el-congreso-la-creacion-de-la-ley-de-declaracion-especial-de-ausencia-para-desaparecidos","status":"publish","type":"post","link":"https:\/\/congresogro.gob.mx\/63\/inicio\/2022\/02\/11\/analizan-en-el-congreso-la-creacion-de-la-ley-de-declaracion-especial-de-ausencia-para-desaparecidos\/","title":{"rendered":"ANALIZAN EN EL CONGRESO LA CREACI\u00d3N DE LA LEY DE DECLARACI\u00d3N ESPECIAL DE AUSENCIA PARA DESAPARECIDOS"},"content":{"rendered":"<p style=\"text-align: justify;\"><strong>Chilpancingo, Gro., a 11 de febrero 2022<\/strong>.- Con el prop\u00f3sito de establecer el procedimiento y plazos para el anuncio de desaparici\u00f3n de personas y garantizar sus derechos jur\u00eddicos y econ\u00f3micos, la Comisi\u00f3n de Estudios Constitucionales y Jur\u00eddicos analiza la creaci\u00f3n de la Ley de Declaraci\u00f3n Especial de Ausencia Para Personas Desaparecidas del Estado de Guerrero.<\/p>\n<p style=\"text-align: justify;\">La iniciativa plantea dar garant\u00edas, certeza y personalidad jur\u00eddica a quienes est\u00e1n en calidad de desaparecidos y sus familiares o personas legitimadas que dependan de \u00e9ste, misma que fue presentada por el diputado Carlos Cruz L\u00f3pez.<\/p>\n<p style=\"text-align: justify;\">En su oportunidad, el legislador extern\u00f3 que ante los \u00edndices de desapariciones en el estado, resulta urgente contar con una ley que en todo momento represente y aplique la protecci\u00f3n de los derechos del desaparecido y sus familiares, en cumplimiento y de conformidad con la Constituci\u00f3n Pol\u00edtica de los Estados Unidos Mexicanos, los Tratados Internacionales, la Ley General en Materia de Desaparici\u00f3n Forzada de Personas, el Sistema Nacional de B\u00fasqueda de Personas y dem\u00e1s leyes aplicables en la materia.<\/p>\n<p style=\"text-align: justify;\">Para su puntual atenci\u00f3n y aplicaci\u00f3n del ordenamiento jur\u00eddico, agreg\u00f3, se contempla que las autoridades se obliguen, en el \u00e1mbito de su competencia, a brindar atenci\u00f3n especializada, garant\u00edas especiales y medidas de protecci\u00f3n a los grupos de poblaci\u00f3n con caracter\u00edsticas particulares o con mayor situaci\u00f3n de vulnerabilidad, en raz\u00f3n de su edad, g\u00e9nero, preferencia u orientaci\u00f3n sexual, etnia, discapacidad y otros.<\/p>\n<p style=\"text-align: justify;\">Adem\u00e1s, el proceso deber\u00e1 ser gratuito, as\u00ed como cualquier otro tr\u00e1mite que est\u00e9 relacionado con la Declaraci\u00f3n Especial de Ausencia, garantizando la Igualdad y la no discriminaci\u00f3n, m\u00e1xima protecci\u00f3n y perspectiva de g\u00e9nero.<\/p>\n","protected":false},"excerpt":{"rendered":"<p>Chilpancingo, Gro., a 11 de febrero 2022.- Con el prop\u00f3sito de establecer el procedimiento y plazos para el anuncio de desaparici\u00f3n de personas y garantizar sus derechos jur\u00eddicos y econ\u00f3micos, la Comisi\u00f3n de Estudios Constitucionales y Jur\u00eddicos analiza la creaci\u00f3n de la Ley de Declaraci\u00f3n Especial de Ausencia Para Personas Desaparecidas del Estado de Guerrero&#8230;.<\/p>\n","protected":false},"author":1,"featured_media":2074,"comment_status":"closed","ping_status":"open","sticky":false,"template":"","format":"standard","meta":{"_monsterinsights_skip_tracking":false,"_monsterinsights_sitenote_active":false,"_monsterinsights_sitenote_note":"","_monsterinsights_sitenote_category":0,"footnotes":""},"categories":[3,26],"tags":[],"class_list":["post-2072","post","type-post","status-publish","format-standard","has-post-thumbnail","hentry","category-boletin","category-carlos-cruz-lopez"],"aioseo_notices":[],"_links":{"self":[{"href":"https:\/\/congresogro.gob.mx\/63\/inicio\/wp-json\/wp\/v2\/posts\/2072","targetHints":{"allow":["GET"]}}],"collection":[{"href":"https:\/\/congresogro.gob.mx\/63\/inicio\/wp-json\/wp\/v2\/posts"}],"about":[{"href":"https:\/\/congresogro.gob.mx\/63\/inicio\/wp-json\/wp\/v2\/types\/post"}],"author":[{"embeddable":true,"href":"https:\/\/congresogro.gob.mx\/63\/inicio\/wp-json\/wp\/v2\/users\/1"}],"replies":[{"embeddable":true,"href":"https:\/\/congresogro.gob.mx\/63\/inicio\/wp-json\/wp\/v2\/comments?post=2072"}],"version-history":[{"count":1,"href":"https:\/\/congresogro.gob.mx\/63\/inicio\/wp-json\/wp\/v2\/posts\/2072\/revisions"}],"predecessor-version":[{"id":2075,"href":"https:\/\/congresogro.gob.mx\/63\/inicio\/wp-json\/wp\/v2\/posts\/2072\/revisions\/2075"}],"wp:featuredmedia":[{"embeddable":true,"href":"https:\/\/congresogro.gob.mx\/63\/inicio\/wp-json\/wp\/v2\/media\/2074"}],"wp:attachment":[{"href":"https:\/\/congresogro.gob.mx\/63\/inicio\/wp-json\/wp\/v2\/media?parent=2072"}],"wp:term":[{"taxonomy":"category","embeddable":true,"href":"https:\/\/congresogro.gob.mx\/63\/inicio\/wp-json\/wp\/v2\/categories?post=2072"},{"taxonomy":"post_tag","embeddable":true,"href":"https:\/\/congresogro.gob.mx\/63\/inicio\/wp-json\/wp\/v2\/tags?post=2072"}],"curies":[{"name":"wp","href":"https:\/\/api.w.org\/{rel}","templated":true}]}}