{"id":2064,"date":"2022-02-10T17:29:11","date_gmt":"2022-02-10T23:29:11","guid":{"rendered":"https:\/\/congresogro.gob.mx\/63\/inicio\/?p=2064"},"modified":"2022-02-12T17:30:26","modified_gmt":"2022-02-12T23:30:26","slug":"llaman-desde-el-congreso-a-atender-y-solucionar-la-violencia-obstetrica-contra-las-mujeres","status":"publish","type":"post","link":"https:\/\/congresogro.gob.mx\/63\/inicio\/2022\/02\/10\/llaman-desde-el-congreso-a-atender-y-solucionar-la-violencia-obstetrica-contra-las-mujeres\/","title":{"rendered":"LLAMAN DESDE EL CONGRESO A ATENDER Y SOLUCIONAR  LA VIOLENCIA OBST\u00c9TRICA CONTRA LAS MUJERES"},"content":{"rendered":"<p style=\"text-align: justify;\"><strong>Chilpancingo, Gro., 10 de febrero de 2022.- <\/strong>La diputada Gloria <a href=\"https:\/\/www.facebook.com\/CitlaliCalixtoJimenez\/?__cft__%5b0%5d=AZUlxKA3Otlc1VFLErAoIemYIZ2rUguKTRIzhL15-UABLcE9dUVfGUXBBrC4mnIc_MebPJ2vNNECfhL6-xijfEDFz8ogkvayJMDMuhQMJaHRFhnD0HlKq9s_NllIgFEA_9b70AdFL8aDbEiSmNo1nsue&amp;__tn__=kK-R\">Citlali Calixto<\/a> Jim\u00e9nez manifest\u00f3 que para combatir la violencia obst\u00e9trica se requiere de una atenci\u00f3n multidimensional y de coordinaci\u00f3n entre las instancias correspondientes, para lograr un pleno entendimiento de la paciente, mejorar la infraestructura hospitalaria y dar un trato digno a las personas embarazadas, sobre todo las que viven en pobreza y marginaci\u00f3n, o pertenezcan a grupos originarios y afrodescendientes.<\/p>\n<p style=\"text-align: justify;\">Al hablar durante la reciente sesi\u00f3n de la Comisi\u00f3n Permanente sobre las mejoras administrativas necesarias para el combate a este tipo de violencia contra las mujeres, indic\u00f3 que \u00e9sta es una de las problem\u00e1ticas m\u00e1s complejas que afectan a la sociedad guerrerense y, en la actualidad, forma parte de la agenda de organizaciones del \u00e1mbito nacional e internacional, debido a que no s\u00f3lo se refiere al maltrato psicol\u00f3gico, sino que sus efectos repercuten en la tasa de mortalidad materna.<\/p>\n<p style=\"text-align: justify;\">La legisladora manifest\u00f3 que luego de conocer de casos que requieren de atenci\u00f3n urgente y eficaz por parte del Estado, recientemente present\u00f3 una iniciativa de reformas y adiciones la Ley de Acceso a las Mujeres a una Vida Libre de Violencia del estado para incluir a esta acci\u00f3n como uno de los tipos de violencia que requieren de atenci\u00f3n, sanci\u00f3n y erradicaci\u00f3n en la entidad.<\/p>\n<p style=\"text-align: justify;\">Y es que, refiri\u00f3, la violencia contra las mujeres durante el parto, m\u00e1s all\u00e1 de un tema de salud p\u00fablica, es un problema de justicia social, adem\u00e1s de un indicador que da orientaci\u00f3n sobre las inequidades en el ejercicio de los derechos humanos.<\/p>\n<p style=\"text-align: justify;\">Aunque se\u00f1al\u00f3 que hay casos de \u00e9xito, como la Unidad de Parter\u00eda creada en el a\u00f1o 2010, que cumple con los par\u00e1metros internaciones para la atenci\u00f3n de las mujeres embarazadas en parto y puerperio, y el Centro de entrenamiento Infantil, donde los menores son atendidos por psic\u00f3logos mientras las mam\u00e1s pasan a consulta, esto \u201cno es suficiente\u201d.<\/p>\n<p style=\"text-align: justify;\">Porque \u201ces innegable el incremento en las tasas de muerte materna bajo mayores condiciones de pobreza, marginaci\u00f3n, pertenencia a grupos originarios y afrodescendientes, y menor acceso a la educaci\u00f3n\u201d, enfatiz\u00f3.<\/p>\n<p style=\"text-align: justify;\">Por todo eso, se pronunci\u00f3 por que se voltee a ver a las mujeres, sobre todo las de la Sierra, la Monta\u00f1a, de las comunidades y de los pueblos originarios que viven en las ciudades y que hablan alguna lengua ind\u00edgena.<\/p>\n<p style=\"text-align: justify;\">A\u00f1adi\u00f3 que es necesario avanzar en la homogeneizaci\u00f3n de los servicios de salud de calidad en todos los rincones del estado, por el bien de toda la poblaci\u00f3n y de las mujeres que deciden maternar.<\/p>\n","protected":false},"excerpt":{"rendered":"<p>Chilpancingo, Gro., 10 de febrero de 2022.- La diputada Gloria Citlali Calixto Jim\u00e9nez manifest\u00f3 que para combatir la violencia obst\u00e9trica se requiere de una atenci\u00f3n multidimensional y de coordinaci\u00f3n entre las instancias correspondientes, para lograr un pleno entendimiento de la paciente, mejorar la infraestructura hospitalaria y dar un trato digno a las personas embarazadas, sobre&#8230;<\/p>\n","protected":false},"author":1,"featured_media":2066,"comment_status":"closed","ping_status":"open","sticky":false,"template":"","format":"standard","meta":{"_monsterinsights_skip_tracking":false,"_monsterinsights_sitenote_active":false,"_monsterinsights_sitenote_note":"","_monsterinsights_sitenote_category":0,"footnotes":""},"categories":[3,21],"tags":[],"class_list":["post-2064","post","type-post","status-publish","format-standard","has-post-thumbnail","hentry","category-boletin","category-gloria-citlali-calixto-jimenez"],"aioseo_notices":[],"_links":{"self":[{"href":"https:\/\/congresogro.gob.mx\/63\/inicio\/wp-json\/wp\/v2\/posts\/2064","targetHints":{"allow":["GET"]}}],"collection":[{"href":"https:\/\/congresogro.gob.mx\/63\/inicio\/wp-json\/wp\/v2\/posts"}],"about":[{"href":"https:\/\/congresogro.gob.mx\/63\/inicio\/wp-json\/wp\/v2\/types\/post"}],"author":[{"embeddable":true,"href":"https:\/\/congresogro.gob.mx\/63\/inicio\/wp-json\/wp\/v2\/users\/1"}],"replies":[{"embeddable":true,"href":"https:\/\/congresogro.gob.mx\/63\/inicio\/wp-json\/wp\/v2\/comments?post=2064"}],"version-history":[{"count":1,"href":"https:\/\/congresogro.gob.mx\/63\/inicio\/wp-json\/wp\/v2\/posts\/2064\/revisions"}],"predecessor-version":[{"id":2067,"href":"https:\/\/congresogro.gob.mx\/63\/inicio\/wp-json\/wp\/v2\/posts\/2064\/revisions\/2067"}],"wp:featuredmedia":[{"embeddable":true,"href":"https:\/\/congresogro.gob.mx\/63\/inicio\/wp-json\/wp\/v2\/media\/2066"}],"wp:attachment":[{"href":"https:\/\/congresogro.gob.mx\/63\/inicio\/wp-json\/wp\/v2\/media?parent=2064"}],"wp:term":[{"taxonomy":"category","embeddable":true,"href":"https:\/\/congresogro.gob.mx\/63\/inicio\/wp-json\/wp\/v2\/categories?post=2064"},{"taxonomy":"post_tag","embeddable":true,"href":"https:\/\/congresogro.gob.mx\/63\/inicio\/wp-json\/wp\/v2\/tags?post=2064"}],"curies":[{"name":"wp","href":"https:\/\/api.w.org\/{rel}","templated":true}]}}