{"id":2035,"date":"2022-02-04T10:15:34","date_gmt":"2022-02-04T16:15:34","guid":{"rendered":"https:\/\/congresogro.gob.mx\/63\/inicio\/?p=2035"},"modified":"2022-02-08T10:17:12","modified_gmt":"2022-02-08T16:17:12","slug":"en-aniversario-de-la-constitucion-llama-diputada-castro-ortiz-a-saldar-de-manera-conjunta-la-deuda-con-los-desprotegidos-y-discriminados","status":"publish","type":"post","link":"https:\/\/congresogro.gob.mx\/63\/inicio\/2022\/02\/04\/en-aniversario-de-la-constitucion-llama-diputada-castro-ortiz-a-saldar-de-manera-conjunta-la-deuda-con-los-desprotegidos-y-discriminados\/","title":{"rendered":"EN ANIVERSARIO DE LA CONSTITUCI\u00d3N, LLAMA DIPUTADA CASTRO ORTIZ A SALDAR DE MANERA CONJUNTA LA DEUDA CON LOS DESPROTEGIDOS Y DISCRIMINADOS"},"content":{"rendered":"<p style=\"text-align: justify;\"><strong>Chilpancingo, Gro., 04 febrero de 2022.- <\/strong>A 105 a\u00f1os de la promulgaci\u00f3n de la Constituci\u00f3n Pol\u00edtica de los Estados Unidos Mexicanos, la diputada <a href=\"https:\/\/www.facebook.com\/LetiCastroOrtiz\/?__cft__%5b0%5d=AZXNjMQecKBKr7App41MC_jEY18Ls5KS8bq_c88hI7w6bcoqIxYikDe9Hngx457OHdZvl8UMAd_TActI7-fNlRQ0faxVNQI_dEZoWlJTY-ey29jjijxC4IM2j0KrTTY6XqPagKT3b5IW6vu86UPIH4Kw&amp;__tn__=kK-R\">Leticia Castro Ortiz<\/a> llam\u00f3 a sus hom\u00f3logos a reflexionar y combatir de manera conjunta los actos de abuso de poder, la desigualdad y pobreza, y saldar la deuda que se tiene con los desprotegidos, los discriminados, los pueblos ind\u00edgenas, las mujeres, ni\u00f1as y ni\u00f1os, los grupos vulnerables y las personas con discapacidad en el estado.<\/p>\n<p style=\"text-align: justify;\">La tambi\u00e9n presidenta de la Comisi\u00f3n de Estudios Constitucionales y Jur\u00eddicos de la LXIII Legislatura resalt\u00f3 que dicho documento promulgado en 1917 emana de una lucha revolucionaria cuyo objetivo fue construir un pa\u00eds con democracia, justicia, libertad, paz y reconciliaci\u00f3n, a trav\u00e9s de un marco normativo que, a 105 a\u00f1os, contin\u00faa vigente, aunque a\u00fan no se ha cumplido con la ruta marcada por los constituyentes.<\/p>\n<p style=\"text-align: justify;\">Refiri\u00f3 que el proyecto que hoy nos norma fue resultado de grandes batallas, pero, sobre todo, de un nivel de pensamiento y equilibrio de los personajes que nos han dado historia y dieron cauce a la pluralidad de pensamiento de una sociedad compleja y convulsionada, pero que tambi\u00e9n orient\u00f3 la salida a una realidad pol\u00edtica turbulenta.<\/p>\n<p style=\"text-align: justify;\">Manifest\u00f3 que ella definir\u00eda a la Constituci\u00f3n como un cuerpo normativo vivo y en constante adaptaci\u00f3n que d\u00eda a d\u00eda busca ampliar sus horizontes hacia una protecci\u00f3n cada vez mayor de las personas y sus libertades.<\/p>\n<p style=\"text-align: justify;\">\u201cSin olvidar que, como parlamentaria, aun a mi pesar, permanecen insatisfechas las reivindicaciones de justicia y la leg\u00edtima aspiraci\u00f3n de cada persona de tener acceso a una vida digna, raz\u00f3n por la que debemos luchar todos juntos y d\u00eda a d\u00eda\u201d, resalt\u00f3.<\/p>\n<p style=\"text-align: justify;\">Asegur\u00f3 que la Constituci\u00f3n Pol\u00edtica, como lo han definido algunos personajes, es un anhelo todav\u00eda en construcci\u00f3n, por lo que se debe seguir la ruta que marcaron los constituyentes de Quer\u00e9taro y luchar contra todo lastre que signifique abusos de poder, desigualdad y pobreza.<\/p>\n<p style=\"text-align: justify;\">Resalt\u00f3 que en esta fecha es necesario reflexionar acerca de la promulgaci\u00f3n y las reformas que ha tenido la Constituci\u00f3n Pol\u00edtica, sin duda importantes y necesarias para M\u00e9xico, y que es respetando y cumpliendo su mandato, la mejor forma de honrarla.<\/p>\n<p style=\"text-align: justify;\">\u201cEstamos en deuda con los desprotegidos, con los discriminados, con los pueblos ind\u00edgenas, con las mujeres, con nuestras ni\u00f1as y ni\u00f1os, con los grupos vulnerables, con las personas con discapacidad\u201d, remat\u00f3.<\/p>\n","protected":false},"excerpt":{"rendered":"<p>Chilpancingo, Gro., 04 febrero de 2022.- A 105 a\u00f1os de la promulgaci\u00f3n de la Constituci\u00f3n Pol\u00edtica de los Estados Unidos Mexicanos, la diputada Leticia Castro Ortiz llam\u00f3 a sus hom\u00f3logos a reflexionar y combatir de manera conjunta los actos de abuso de poder, la desigualdad y pobreza, y saldar la deuda que se tiene con&#8230;<\/p>\n","protected":false},"author":1,"featured_media":2037,"comment_status":"closed","ping_status":"open","sticky":false,"template":"","format":"standard","meta":{"_monsterinsights_skip_tracking":false,"_monsterinsights_sitenote_active":false,"_monsterinsights_sitenote_note":"","_monsterinsights_sitenote_category":0,"footnotes":""},"categories":[3,11],"tags":[],"class_list":["post-2035","post","type-post","status-publish","format-standard","has-post-thumbnail","hentry","category-boletin","category-leticia-castro-ortiz"],"aioseo_notices":[],"_links":{"self":[{"href":"https:\/\/congresogro.gob.mx\/63\/inicio\/wp-json\/wp\/v2\/posts\/2035","targetHints":{"allow":["GET"]}}],"collection":[{"href":"https:\/\/congresogro.gob.mx\/63\/inicio\/wp-json\/wp\/v2\/posts"}],"about":[{"href":"https:\/\/congresogro.gob.mx\/63\/inicio\/wp-json\/wp\/v2\/types\/post"}],"author":[{"embeddable":true,"href":"https:\/\/congresogro.gob.mx\/63\/inicio\/wp-json\/wp\/v2\/users\/1"}],"replies":[{"embeddable":true,"href":"https:\/\/congresogro.gob.mx\/63\/inicio\/wp-json\/wp\/v2\/comments?post=2035"}],"version-history":[{"count":1,"href":"https:\/\/congresogro.gob.mx\/63\/inicio\/wp-json\/wp\/v2\/posts\/2035\/revisions"}],"predecessor-version":[{"id":2038,"href":"https:\/\/congresogro.gob.mx\/63\/inicio\/wp-json\/wp\/v2\/posts\/2035\/revisions\/2038"}],"wp:featuredmedia":[{"embeddable":true,"href":"https:\/\/congresogro.gob.mx\/63\/inicio\/wp-json\/wp\/v2\/media\/2037"}],"wp:attachment":[{"href":"https:\/\/congresogro.gob.mx\/63\/inicio\/wp-json\/wp\/v2\/media?parent=2035"}],"wp:term":[{"taxonomy":"category","embeddable":true,"href":"https:\/\/congresogro.gob.mx\/63\/inicio\/wp-json\/wp\/v2\/categories?post=2035"},{"taxonomy":"post_tag","embeddable":true,"href":"https:\/\/congresogro.gob.mx\/63\/inicio\/wp-json\/wp\/v2\/tags?post=2035"}],"curies":[{"name":"wp","href":"https:\/\/api.w.org\/{rel}","templated":true}]}}