{"id":1994,"date":"2022-02-03T09:35:00","date_gmt":"2022-02-03T15:35:00","guid":{"rendered":"https:\/\/congresogro.gob.mx\/63\/inicio\/?p=1994"},"modified":"2022-02-04T09:36:17","modified_gmt":"2022-02-04T15:36:17","slug":"llama-diputado-joaquin-badillo-a-encauzar-las-protestas-por-la-via-pacifica-y-legal","status":"publish","type":"post","link":"https:\/\/congresogro.gob.mx\/63\/inicio\/2022\/02\/03\/llama-diputado-joaquin-badillo-a-encauzar-las-protestas-por-la-via-pacifica-y-legal\/","title":{"rendered":"LLAMA DIPUTADO JOAQU\u00cdN BADILLO A ENCAUZAR  LAS PROTESTAS POR LA V\u00cdA PAC\u00cdFICA Y LEGAL"},"content":{"rendered":"<p style=\"text-align: justify;\"><strong>Chilpancingo, Gro., 03 de febrero de 2022.- <\/strong>El presidente de la Comisi\u00f3n de Seguridad P\u00fablica del Congreso del Estado, diputado Joaqu\u00edn Badillo Escamilla, llam\u00f3 a privilegiar el di\u00e1logo y el respeto a la legalidad entre autoridades y grupos sociales que se manifiestan solicitando o exigiendo un derecho merecido o que creen merecer.<\/p>\n<p style=\"text-align: justify;\">Se\u00f1al\u00f3 que es necesario encontrar el punto medio para que no se susciten hechos como el ocasionado en la caseta de cobro de Palo Blanco de la Autopista del Sol, donde la Guardia Nacional impidi\u00f3 a un grupo de ciudadanos -presumiblemente estudiantes de la Normal Rural \u201cRa\u00fal Isidro Burgos\u201d de Ayotzinapa- posesionarse del lugar y pedir cooperaci\u00f3n.<\/p>\n<p style=\"text-align: justify;\">Dijo que reconoce que la libertad de expresi\u00f3n est\u00e1 consagrada en nuestra Constituci\u00f3n, pero siempre y cuando no vulnere los derechos de las otras personas, ante los cual -dijo- es imperativo que todas estas protestas se encaucen con apego a las leyes y no interferir o trastocar los derechos de los dem\u00e1s ciudadanos, que obligue a la autoridad a actuar.<\/p>\n<p style=\"text-align: justify;\">Se pronunci\u00f3 tambi\u00e9n en favor de la libre manifestaci\u00f3n de los estudiantes de la Normal de Ayotzinapa, pero sin que el movimiento de protesta concluya en la comisi\u00f3n de delitos, como lo es la toma de casetas de la Autopista del Sol y solicitar recursos a los ciudadanos que circulan por ella, afectando su libre tr\u00e1nsito.<\/p>\n<p style=\"text-align: justify;\">En entrevista con relaci\u00f3n a la postura de la CNDH, que calific\u00f3 como actos de intimidaci\u00f3n y censura los cometidos contra familiares de los estudiantes desaparecidos de Ayotzinapa, el legislador de Morena pidi\u00f3 a las autoridades federales y estatales, antes que nada, garantizar el derecho a la manifestaci\u00f3n pac\u00edfica.<\/p>\n<p style=\"text-align: justify;\">Enseguida, manifest\u00f3 que dicha instituci\u00f3n no debe inclinar la balanza, sino buscar los equilibrios para la aplicaci\u00f3n de la ley. \u201cNo debe haber distinciones, sino congruencia para garantizar que se cumpla el Estado de Derecho, siempre ponderando los derechos humanos\u201d, manifest\u00f3.<\/p>\n<p style=\"text-align: justify;\">Badillo Escamilla reiter\u00f3 que, efectivamente, se debe priorizar el respeto de los derechos humanos y la libre manifestaci\u00f3n de las ideas, pero siempre y cuando no se violenten los derechos de terceros. \u201cEn este caso, cuando se interfiere la libre circulaci\u00f3n en las v\u00edas de comunicaci\u00f3n y se llega al grado de pedir recursos econ\u00f3micos para poder transitar por la autopista, es una acci\u00f3n que genera mala impresi\u00f3n al turismo y causa riesgos a su integridad, por no contar \u00e9stos con el seguro de protecci\u00f3n\u201d, abund\u00f3.<\/p>\n<p style=\"text-align: justify;\">Por \u00faltimo, refiri\u00f3 que el Congreso del Estado siempre ha mantenido las puertas abiertas al di\u00e1logo con los estudiantes de Ayotzinapa y los padres de los 43. En ese sentido, los exhort\u00f3 a retomar la ruta del entendimiento y buscar otros mecanismos para resolver sus demandas de mejora de la instituci\u00f3n educativa, as\u00ed como para el esclarecimiento de los hechos de Iguala.<\/p>\n","protected":false},"excerpt":{"rendered":"<p>Chilpancingo, Gro., 03 de febrero de 2022.- El presidente de la Comisi\u00f3n de Seguridad P\u00fablica del Congreso del Estado, diputado Joaqu\u00edn Badillo Escamilla, llam\u00f3 a privilegiar el di\u00e1logo y el respeto a la legalidad entre autoridades y grupos sociales que se manifiestan solicitando o exigiendo un derecho merecido o que creen merecer. Se\u00f1al\u00f3 que es&#8230;<\/p>\n","protected":false},"author":1,"featured_media":1996,"comment_status":"closed","ping_status":"open","sticky":false,"template":"","format":"standard","meta":{"_monsterinsights_skip_tracking":false,"_monsterinsights_sitenote_active":false,"_monsterinsights_sitenote_note":"","_monsterinsights_sitenote_category":0,"footnotes":""},"categories":[3,27],"tags":[],"class_list":["post-1994","post","type-post","status-publish","format-standard","has-post-thumbnail","hentry","category-boletin","category-joaquin-badillo-escamilla"],"aioseo_notices":[],"_links":{"self":[{"href":"https:\/\/congresogro.gob.mx\/63\/inicio\/wp-json\/wp\/v2\/posts\/1994","targetHints":{"allow":["GET"]}}],"collection":[{"href":"https:\/\/congresogro.gob.mx\/63\/inicio\/wp-json\/wp\/v2\/posts"}],"about":[{"href":"https:\/\/congresogro.gob.mx\/63\/inicio\/wp-json\/wp\/v2\/types\/post"}],"author":[{"embeddable":true,"href":"https:\/\/congresogro.gob.mx\/63\/inicio\/wp-json\/wp\/v2\/users\/1"}],"replies":[{"embeddable":true,"href":"https:\/\/congresogro.gob.mx\/63\/inicio\/wp-json\/wp\/v2\/comments?post=1994"}],"version-history":[{"count":1,"href":"https:\/\/congresogro.gob.mx\/63\/inicio\/wp-json\/wp\/v2\/posts\/1994\/revisions"}],"predecessor-version":[{"id":1997,"href":"https:\/\/congresogro.gob.mx\/63\/inicio\/wp-json\/wp\/v2\/posts\/1994\/revisions\/1997"}],"wp:featuredmedia":[{"embeddable":true,"href":"https:\/\/congresogro.gob.mx\/63\/inicio\/wp-json\/wp\/v2\/media\/1996"}],"wp:attachment":[{"href":"https:\/\/congresogro.gob.mx\/63\/inicio\/wp-json\/wp\/v2\/media?parent=1994"}],"wp:term":[{"taxonomy":"category","embeddable":true,"href":"https:\/\/congresogro.gob.mx\/63\/inicio\/wp-json\/wp\/v2\/categories?post=1994"},{"taxonomy":"post_tag","embeddable":true,"href":"https:\/\/congresogro.gob.mx\/63\/inicio\/wp-json\/wp\/v2\/tags?post=1994"}],"curies":[{"name":"wp","href":"https:\/\/api.w.org\/{rel}","templated":true}]}}