{"id":1949,"date":"2022-01-30T10:03:46","date_gmt":"2022-01-30T16:03:46","guid":{"rendered":"https:\/\/congresogro.gob.mx\/63\/inicio\/?p=1949"},"modified":"2022-01-31T10:04:49","modified_gmt":"2022-01-31T16:04:49","slug":"la-ruta-para-el-desarrollo-del-estado-y-el-pais-es-el-dialogo-y-la-conciliacion-sanchez-esquivel","status":"publish","type":"post","link":"https:\/\/congresogro.gob.mx\/63\/inicio\/2022\/01\/30\/la-ruta-para-el-desarrollo-del-estado-y-el-pais-es-el-dialogo-y-la-conciliacion-sanchez-esquivel\/","title":{"rendered":"LA RUTA PARA EL DESARROLLO DEL ESTADO Y EL PA\u00cdS ES EL DI\u00c1LOGO Y LA CONCILIACI\u00d3N: S\u00c1NCHEZ ESQUIVEL"},"content":{"rendered":"<p style=\"text-align: justify;\"><strong>Chilpancingo, Gro., 30 enero de 2022.- <\/strong>El presidente de la Junta de Coordinaci\u00f3n Pol\u00edtica del Congreso del Estado, diputado Alfredo S\u00e1nchez Esquivel, asegur\u00f3 que la ruta para el desarrollo del estado y del pa\u00eds es que todos actores pol\u00edticos, particularmente representantes populares en el Senado, C\u00e1mara federal y locales, es la conciliaci\u00f3n, el consenso y los acuerdos, con el objeto de caminar juntos hacia un bien com\u00fan, que es el bienestar social.<\/p>\n<p style=\"text-align: justify;\">Refiri\u00f3 que la reciente organizaci\u00f3n en el Congreso del Estado del \u201cTaller legislativo para las juventudes. Capitulo: Guerrero\u201d, en que participaron senadores de varias expresiones pol\u00edticas, fue precisamente eso: una muestra clara para trabajar y patentizar la pluralidad y la apertura que existe para la preparaci\u00f3n de los j\u00f3venes en la actividad parlamentaria.<\/p>\n<p style=\"text-align: justify;\">\u201cSin importar la ideolog\u00eda de los senadores, se pusieron de acuerdo para trabajar de la mano con el claro objetivo de lograr un mejor pa\u00eds a trav\u00e9s de la preparaci\u00f3n de los j\u00f3venes\u201d, remarc\u00f3.<\/p>\n<p style=\"text-align: justify;\">S\u00e1nchez Esquivel reiter\u00f3 que el Congreso de Guerrero tambi\u00e9n transita en esa ruta de trabajar de la mano con todos los grupos parlamentarios, privando el di\u00e1logo, el acuerdo y el consenso en la aprobaci\u00f3n de leyes que benefician a la sociedad en general.<\/p>\n<p style=\"text-align: justify;\">A pregunta expresa sobre su relaci\u00f3n con sus hom\u00f3logos coordinadores en el Congreso local, S\u00e1nchez Esquivel manifest\u00f3 su respeto irrestricto a todas y todos. \u201cEntre quienes conformamos la Jucopo hay gente nueva y otros con mucha experiencia, pero todos ellos son valiosos y hemos antepuesto el di\u00e1logo como ruta para la definici\u00f3n de acuerdos, gracias a lo cual hemos podido generar y aprobar ordenamientos, con el claro objetivo de beneficiar a Guerrero\u201d, abund\u00f3.<\/p>\n","protected":false},"excerpt":{"rendered":"<p>Chilpancingo, Gro., 30 enero de 2022.- El presidente de la Junta de Coordinaci\u00f3n Pol\u00edtica del Congreso del Estado, diputado Alfredo S\u00e1nchez Esquivel, asegur\u00f3 que la ruta para el desarrollo del estado y del pa\u00eds es que todos actores pol\u00edticos, particularmente representantes populares en el Senado, C\u00e1mara federal y locales, es la conciliaci\u00f3n, el consenso y&#8230;<\/p>\n","protected":false},"author":1,"featured_media":1951,"comment_status":"closed","ping_status":"open","sticky":false,"template":"","format":"standard","meta":{"_monsterinsights_skip_tracking":false,"_monsterinsights_sitenote_active":false,"_monsterinsights_sitenote_note":"","_monsterinsights_sitenote_category":0,"footnotes":""},"categories":[4,3],"tags":[],"class_list":["post-1949","post","type-post","status-publish","format-standard","has-post-thumbnail","hentry","category-alfredo-sanchez-esquivel","category-boletin"],"aioseo_notices":[],"_links":{"self":[{"href":"https:\/\/congresogro.gob.mx\/63\/inicio\/wp-json\/wp\/v2\/posts\/1949","targetHints":{"allow":["GET"]}}],"collection":[{"href":"https:\/\/congresogro.gob.mx\/63\/inicio\/wp-json\/wp\/v2\/posts"}],"about":[{"href":"https:\/\/congresogro.gob.mx\/63\/inicio\/wp-json\/wp\/v2\/types\/post"}],"author":[{"embeddable":true,"href":"https:\/\/congresogro.gob.mx\/63\/inicio\/wp-json\/wp\/v2\/users\/1"}],"replies":[{"embeddable":true,"href":"https:\/\/congresogro.gob.mx\/63\/inicio\/wp-json\/wp\/v2\/comments?post=1949"}],"version-history":[{"count":1,"href":"https:\/\/congresogro.gob.mx\/63\/inicio\/wp-json\/wp\/v2\/posts\/1949\/revisions"}],"predecessor-version":[{"id":1952,"href":"https:\/\/congresogro.gob.mx\/63\/inicio\/wp-json\/wp\/v2\/posts\/1949\/revisions\/1952"}],"wp:featuredmedia":[{"embeddable":true,"href":"https:\/\/congresogro.gob.mx\/63\/inicio\/wp-json\/wp\/v2\/media\/1951"}],"wp:attachment":[{"href":"https:\/\/congresogro.gob.mx\/63\/inicio\/wp-json\/wp\/v2\/media?parent=1949"}],"wp:term":[{"taxonomy":"category","embeddable":true,"href":"https:\/\/congresogro.gob.mx\/63\/inicio\/wp-json\/wp\/v2\/categories?post=1949"},{"taxonomy":"post_tag","embeddable":true,"href":"https:\/\/congresogro.gob.mx\/63\/inicio\/wp-json\/wp\/v2\/tags?post=1949"}],"curies":[{"name":"wp","href":"https:\/\/api.w.org\/{rel}","templated":true}]}}