{"id":1945,"date":"2022-01-28T10:02:06","date_gmt":"2022-01-28T16:02:06","guid":{"rendered":"https:\/\/congresogro.gob.mx\/63\/inicio\/?p=1945"},"modified":"2022-01-31T10:03:33","modified_gmt":"2022-01-31T16:03:33","slug":"realizan-con-exito-en-el-congreso-el-parlamento-taller-legislativo-para-las-juventudes-de-guerrero","status":"publish","type":"post","link":"https:\/\/congresogro.gob.mx\/63\/inicio\/2022\/01\/28\/realizan-con-exito-en-el-congreso-el-parlamento-taller-legislativo-para-las-juventudes-de-guerrero\/","title":{"rendered":"REALIZAN CON \u00c9XITO EN EL CONGRESO EL PARLAMENTO  \u201cTALLER LEGISLATIVO PARA LAS JUVENTUDES DE GUERRERO\u201d"},"content":{"rendered":"<p style=\"text-align: justify;\"><strong>Chilpancingo, Gro., 28 enero de 2022.- <\/strong>Integrantes del \u201cTaller Legislativo para las Juventudes, Cap\u00edtulo: Guerrero\u201d reconocieron al Senado de la Rep\u00fablica y al Congreso del Estado por la oportunidad de que sus voces sean escuchadas, luego de que por muchos a\u00f1os han visto vulnerados sus derechos.<\/p>\n<p style=\"text-align: justify;\">Asimismo, manifestaron su benepl\u00e1cito por haber sido part\u00edcipes del primer taller impartido fuera del Senado, que les permite cumplir sus sue\u00f1os de ser parlamentaristas y plantear sus ideas y propuestas para mejorar la situaci\u00f3n del estado.<\/p>\n<p style=\"text-align: justify;\">En el Sal\u00f3n de Sesiones \u201cPrimer Congreso de An\u00e1huac\u201d, alrededor de 20 j\u00f3venes integrantes de \u201c10 por M\u00e9xico\u201d hicieron uso de la tribuna para presentar propuestas de reformas a diversos ordenamientos jur\u00eddicos, as\u00ed como puntos de acuerdos parlamentarios en diversos rubros, para que sean retomados por el Senado de la Rep\u00fablica y la LXIII Legislatura local.<\/p>\n<p style=\"text-align: justify;\">En materia de educaci\u00f3n, propusieron implementar la ense\u00f1anza incluyente, sobre todo para las personas con alguna discapacidad y los adultos mayores.<\/p>\n<p style=\"text-align: justify;\">En materia econ\u00f3mica plantearon la reducci\u00f3n de la tasa del Impuesto Sobre el Valor Agregado al 8 por ciento para los estados del Pac\u00edfico Sur, ya que son las entidades de mayor rezago social y econ\u00f3mico, y por ende los que menos ingresos tienen.<\/p>\n<p style=\"text-align: justify;\">Propusieron tambi\u00e9n que las mujeres que han sido violentadas en todas sus modalidades puedan acceder a la salud mental, que les permita salir adelante y progresar, erradicando de una vez por todas, la violencia contra este sector y lograr una verdadera igualdad entre hombres y mujeres.<\/p>\n<p style=\"text-align: justify;\">Tambi\u00e9n presentaron reformas a diversos art\u00edculos de la la Ley para la Protecci\u00f3n de Ni\u00f1as, Ni\u00f1os y Adolescentes del Estado de Guerrero, para generar proyectos y programas que les permitan proteger sus derechos y tener un mejor futuro, con una buena alimentaci\u00f3n, educaci\u00f3n, salud y un sano esparcimiento, pero sobre todo que se proh\u00edba el matrimonio entre menores.<\/p>\n<p style=\"text-align: justify;\">Asimismo, se present\u00f3 una propuesta para modificar la Ley de Bienestar Animal para el Estado de Guerrero, para que se respete la vida y d\u00e9 un mejor trato a los animales dom\u00e9sticos, manteni\u00e9ndolos en \u00f3ptimas condiciones.<\/p>\n<p style=\"text-align: justify;\">En el tema de trabajo, expusieron que se necesita una mayor capacitaci\u00f3n para que los j\u00f3venes puedan acceder a los empleos, porque cuando acuden a pedir trabajo lo primero que les piden es experiencia, adem\u00e1s de brindar facilidades para que \u00e9stos puedan crear sus propias empresas.<\/p>\n<p style=\"text-align: justify;\">Las y los parlamentaristas que participaron son Erick Pavell Galeana Mayo, Jos\u00e9 Eduardo Trejo Abarca, Evelyn Morales Silvestre, Tadeo Efra\u00edn Flores Olvera, Zurit Sara\u00ed Bahena Nava, Saudy Isui Mendoza Victoriano, Cristopher Duv\u00e1n Figueroa Acosta, Cris\u00f3foro Agust\u00edn Ib\u00e1\u00f1ez Morales, Luis Alfredo Hern\u00e1ndez Lorenzo, Tania Ayala, Nicol\u00e1s Hern\u00e1ndez Castrej\u00f3n, Jes\u00fas Lerdo P\u00e9rez Mart\u00ednez, Jos\u00e9 Nicol\u00e1s Arce, Jaime Pi\u00f1\u00f3n \u00c1lvarez, Orlando Radilla \u00c1vila, Ricardo Nicol\u00e1s Santana Ojeda, Cynthia Zo\u00e9 Salazar Jaimes, F\u00e9lix Santiago Ju\u00e1rez Villanueva y Jos\u00e9 Alfredo Calder\u00f3n Gonz\u00e1lez.<\/p>\n","protected":false},"excerpt":{"rendered":"<p>Chilpancingo, Gro., 28 enero de 2022.- Integrantes del \u201cTaller Legislativo para las Juventudes, Cap\u00edtulo: Guerrero\u201d reconocieron al Senado de la Rep\u00fablica y al Congreso del Estado por la oportunidad de que sus voces sean escuchadas, luego de que por muchos a\u00f1os han visto vulnerados sus derechos. Asimismo, manifestaron su benepl\u00e1cito por haber sido part\u00edcipes del&#8230;<\/p>\n","protected":false},"author":1,"featured_media":1947,"comment_status":"closed","ping_status":"open","sticky":false,"template":"","format":"standard","meta":{"_monsterinsights_skip_tracking":false,"_monsterinsights_sitenote_active":false,"_monsterinsights_sitenote_note":"","_monsterinsights_sitenote_category":0,"footnotes":""},"categories":[3,25],"tags":[],"class_list":["post-1945","post","type-post","status-publish","format-standard","has-post-thumbnail","hentry","category-boletin","category-julieta-fernandez-marquez"],"aioseo_notices":[],"_links":{"self":[{"href":"https:\/\/congresogro.gob.mx\/63\/inicio\/wp-json\/wp\/v2\/posts\/1945","targetHints":{"allow":["GET"]}}],"collection":[{"href":"https:\/\/congresogro.gob.mx\/63\/inicio\/wp-json\/wp\/v2\/posts"}],"about":[{"href":"https:\/\/congresogro.gob.mx\/63\/inicio\/wp-json\/wp\/v2\/types\/post"}],"author":[{"embeddable":true,"href":"https:\/\/congresogro.gob.mx\/63\/inicio\/wp-json\/wp\/v2\/users\/1"}],"replies":[{"embeddable":true,"href":"https:\/\/congresogro.gob.mx\/63\/inicio\/wp-json\/wp\/v2\/comments?post=1945"}],"version-history":[{"count":1,"href":"https:\/\/congresogro.gob.mx\/63\/inicio\/wp-json\/wp\/v2\/posts\/1945\/revisions"}],"predecessor-version":[{"id":1948,"href":"https:\/\/congresogro.gob.mx\/63\/inicio\/wp-json\/wp\/v2\/posts\/1945\/revisions\/1948"}],"wp:featuredmedia":[{"embeddable":true,"href":"https:\/\/congresogro.gob.mx\/63\/inicio\/wp-json\/wp\/v2\/media\/1947"}],"wp:attachment":[{"href":"https:\/\/congresogro.gob.mx\/63\/inicio\/wp-json\/wp\/v2\/media?parent=1945"}],"wp:term":[{"taxonomy":"category","embeddable":true,"href":"https:\/\/congresogro.gob.mx\/63\/inicio\/wp-json\/wp\/v2\/categories?post=1945"},{"taxonomy":"post_tag","embeddable":true,"href":"https:\/\/congresogro.gob.mx\/63\/inicio\/wp-json\/wp\/v2\/tags?post=1945"}],"curies":[{"name":"wp","href":"https:\/\/api.w.org\/{rel}","templated":true}]}}