{"id":1938,"date":"2022-01-28T09:58:58","date_gmt":"2022-01-28T15:58:58","guid":{"rendered":"https:\/\/congresogro.gob.mx\/63\/inicio\/?p=1938"},"modified":"2022-01-31T10:01:57","modified_gmt":"2022-01-31T16:01:57","slug":"la-formacion-en-materia-legislativa-de-los-jovenes-sera-clave-para-resolver-la-problematica-del-estado-y-el-pais-coinciden-diputados-y-senadores","status":"publish","type":"post","link":"https:\/\/congresogro.gob.mx\/63\/inicio\/2022\/01\/28\/la-formacion-en-materia-legislativa-de-los-jovenes-sera-clave-para-resolver-la-problematica-del-estado-y-el-pais-coinciden-diputados-y-senadores\/","title":{"rendered":"LA FORMACI\u00d3N EN MATERIA LEGISLATIVA DE LOS J\u00d3VENES SER\u00c1 CLAVE PARA RESOLVER LA PROBLEM\u00c1TICA DEL ESTADO Y EL PA\u00cdS, COINCIDEN DIPUTADOS Y SENADORES"},"content":{"rendered":"<p style=\"text-align: justify;\"><strong>Chilpancingo, Gro., 28 enero de 2022.- <\/strong>Durante el acto de clausura del \u00abTaller legislativo para las juventudes. Cap\u00edtulo: Guerrero\u00bb, organizado en conjunto por el Senado de la Rep\u00fablica y el Congreso del Estado, diputados y senadores coincidieron en la importancia de que este sector de la poblaci\u00f3n se capacite en el \u00e1mbito pol\u00edtico-parlamentario, que les permita acceder cada vez m\u00e1s a espacios de toma de decisi\u00f3n y coadyuven con su \u00edmpetu, voluntad y capacidad a resolver los problemas que aquejan al estado y el pa\u00eds.<\/p>\n<p style=\"text-align: justify;\">Al darles la bienvenida en su calidad de presidenta de la Comisi\u00f3n de Participaci\u00f3n Ciudadana, la diputada Julieta Fern\u00e1ndez M\u00e1rquez dijo a las y los j\u00f3venes parlamentaristas que este ejercicio sin duda les servir\u00e1 y encaminar\u00e1 a cumplir sus sue\u00f1os de participar en pol\u00edtica y coadyuvar al desarrollo de Guerrero.<\/p>\n<p><img loading=\"lazy\" decoding=\"async\" class=\"alignnone size-medium wp-image-1941\" src=\"https:\/\/congresogro.gob.mx\/63\/inicio\/wp-content\/uploads\/2022\/01\/DIPUTADOS-Y-SENADORES-BOL-039-3-640x359.jpeg\" alt=\"\" width=\"640\" height=\"359\" srcset=\"https:\/\/congresogro.gob.mx\/63\/inicio\/wp-content\/uploads\/2022\/01\/DIPUTADOS-Y-SENADORES-BOL-039-3-640x360.jpeg 640w, https:\/\/congresogro.gob.mx\/63\/inicio\/wp-content\/uploads\/2022\/01\/DIPUTADOS-Y-SENADORES-BOL-039-3-768x431.jpeg 768w, https:\/\/congresogro.gob.mx\/63\/inicio\/wp-content\/uploads\/2022\/01\/DIPUTADOS-Y-SENADORES-BOL-039-3-320x180.jpeg 320w, https:\/\/congresogro.gob.mx\/63\/inicio\/wp-content\/uploads\/2022\/01\/DIPUTADOS-Y-SENADORES-BOL-039-3.jpeg 1024w\" sizes=\"auto, (max-width: 640px) 100vw, 640px\" \/><\/p>\n<p style=\"text-align: justify;\">Destac\u00f3 que este ejercicio de participaci\u00f3n ciudadana es una excelente oportunidad para que las y los j\u00f3venes guerrerenses expresen sus ideas a trav\u00e9s de iniciativas, mismas que ser\u00e1n escuchadas en toda la entidad, confiando en que tambi\u00e9n puedan ser retomadas por el Congreso para armonizar el marco jur\u00eddico.<\/p>\n<p style=\"text-align: justify;\">Por su parte, el diputado Alfredo S\u00e1nchez Esquivel, presidente de la Junta de Coordinaci\u00f3n Pol\u00edtica del Congreso local, felicit\u00f3 a los j\u00f3venes parlamentaristas por su ansia de prepararse en el \u00e1mbito legislativo, con miras a que un d\u00eda puedan integrar el Poder Legislativo, que sirva para refrescar el \u00e1mbito pol\u00edtico y rinda mayores beneficios al estado de Guerrero.<\/p>\n<p><img loading=\"lazy\" decoding=\"async\" class=\"alignnone size-medium wp-image-1942\" src=\"https:\/\/congresogro.gob.mx\/63\/inicio\/wp-content\/uploads\/2022\/01\/DIPUTADOS-Y-SENADORES-BOL-039-2-640x359.jpeg\" alt=\"\" width=\"640\" height=\"359\" srcset=\"https:\/\/congresogro.gob.mx\/63\/inicio\/wp-content\/uploads\/2022\/01\/DIPUTADOS-Y-SENADORES-BOL-039-2-640x360.jpeg 640w, https:\/\/congresogro.gob.mx\/63\/inicio\/wp-content\/uploads\/2022\/01\/DIPUTADOS-Y-SENADORES-BOL-039-2-768x431.jpeg 768w, https:\/\/congresogro.gob.mx\/63\/inicio\/wp-content\/uploads\/2022\/01\/DIPUTADOS-Y-SENADORES-BOL-039-2-320x180.jpeg 320w, https:\/\/congresogro.gob.mx\/63\/inicio\/wp-content\/uploads\/2022\/01\/DIPUTADOS-Y-SENADORES-BOL-039-2.jpeg 1024w\" sizes=\"auto, (max-width: 640px) 100vw, 640px\" \/><\/p>\n<p style=\"text-align: justify;\">Remarc\u00f3 que el Congreso es la \u201ccasa del pueblo\u201d y en esta ocasi\u00f3n se congratula por recibir a tanto joven apasionado por la pol\u00edtica, las causas sociales y el Estado de Derecho.<\/p>\n<p style=\"text-align: justify;\">Indic\u00f3, asimismo, que la preparaci\u00f3n en materia legislativa que hoy adquiere la juventud ser\u00e1 crucial en un futuro inmediato, a efecto de poder armonizar el marco jur\u00eddico, mejorar las pol\u00edticas p\u00fablicas y dar soluci\u00f3n efectiva a la m\u00faltiple problem\u00e1tica del estado.<\/p>\n<p style=\"text-align: justify;\">Remarc\u00f3 que la incursi\u00f3n de sangre nueva en la pol\u00edtica del estado diluir\u00e1 viejas y viciadas pr\u00e1cticas de la pol\u00edtica que la mantienen encasillada en el descr\u00e9dito y la desconfianza ciudadana.<\/p>\n<p style=\"text-align: justify;\">\u201cEsta mala fama con el tiempo se tendr\u00e1 que perder, por eso necesitamos a gente joven que venga y proponga, desde cualquier grupo o instituci\u00f3n pol\u00edtica, con ideas frescas, que cambie la percepci\u00f3n de que la pol\u00edtica no es el lugar adecuado\u201d, apunt\u00f3.<\/p>\n<p style=\"text-align: justify;\">En su oportunidad, el senador Miguel \u00c1ngel Mancera Espinosa, impulsor de la iniciativa \u201c10 por M\u00e9xico, Taller Legislativo para las Juventudes\u201d, felicit\u00f3 al Congreso del Estado por la apertura y apoyo para la realizaci\u00f3n de este evento, y confi\u00f3 en que, producto de la capacitaci\u00f3n que adquirieron los j\u00f3venes, se les abran espacios de oportunidad en el Poder Legislativo, que les permita demostrar su grado de responsabilidad social, formaci\u00f3n pol\u00edtica y voluntad de servir al estado.<\/p>\n<p style=\"text-align: justify;\">Asimismo, particip\u00f3 el senador con licencia F\u00e9lix Salgado Macedonio, quien celebr\u00f3 esta iniciativa porque contribuye a la formaci\u00f3n de la futura clase pol\u00edtica del estado y del pa\u00eds, destacando que es el momento de los j\u00f3venes, para orgullo de sus familias y esperanza de progreso de la sociedad en general.<\/p>\n<p>&nbsp;<\/p>\n<p style=\"text-align: justify;\">Ofreci\u00f3 tambi\u00e9n un mensaje a los j\u00f3venes parlamentaristas el senador Manuel A\u00f1orve Ba\u00f1os, indicando que, sin duda, con este curso-taller las y los participantes se hicieron de importantes bases para iniciar en la vida parlamentaria, con conocimientos en Derecho Parlamentario, la argumentaci\u00f3n, el debate, el consenso y los acuerdos; y se\u00f1al\u00f3 que son tiempos de actuar sin mezquindades y sin playeras partidistas, s\u00f3lo por Guerrero.<\/p>\n<p style=\"text-align: justify;\">Finalmente intervino el senador Ricardo Monreal \u00c1vila, quien remembr\u00f3 que la ciudad de Chilpancingo es la cuna del Poder Legislativo y del Constitucionalismo mexicano, por haberse llevado a cabo aqu\u00ed la instalaci\u00f3n del Primer Congreso de An\u00e1huac, en 1813.<\/p>\n<p><img loading=\"lazy\" decoding=\"async\" class=\"alignnone size-medium wp-image-1943\" src=\"https:\/\/congresogro.gob.mx\/63\/inicio\/wp-content\/uploads\/2022\/01\/TALLER-LEGISLATIVO-BOL-040-2-640x359.jpeg\" alt=\"\" width=\"640\" height=\"359\" srcset=\"https:\/\/congresogro.gob.mx\/63\/inicio\/wp-content\/uploads\/2022\/01\/TALLER-LEGISLATIVO-BOL-040-2-640x360.jpeg 640w, https:\/\/congresogro.gob.mx\/63\/inicio\/wp-content\/uploads\/2022\/01\/TALLER-LEGISLATIVO-BOL-040-2-1280x720.jpeg 1280w, https:\/\/congresogro.gob.mx\/63\/inicio\/wp-content\/uploads\/2022\/01\/TALLER-LEGISLATIVO-BOL-040-2-768x431.jpeg 768w, https:\/\/congresogro.gob.mx\/63\/inicio\/wp-content\/uploads\/2022\/01\/TALLER-LEGISLATIVO-BOL-040-2-1536x863.jpeg 1536w, https:\/\/congresogro.gob.mx\/63\/inicio\/wp-content\/uploads\/2022\/01\/TALLER-LEGISLATIVO-BOL-040-2-320x180.jpeg 320w, https:\/\/congresogro.gob.mx\/63\/inicio\/wp-content\/uploads\/2022\/01\/TALLER-LEGISLATIVO-BOL-040-2.jpeg 1560w\" sizes=\"auto, (max-width: 640px) 100vw, 640px\" \/><\/p>\n<p style=\"text-align: justify;\">Tambi\u00e9n se\u00f1al\u00f3 la importancia de que los j\u00f3venes se capaciten, ya que ser\u00e1n el relevo de los actuales pol\u00edticos mexicanos, confiando en que ser\u00e1n mejores y m\u00e1s comprometidos con las causas nobles de Guerrero y de M\u00e9xico.<\/p>\n<p style=\"text-align: justify;\">Atestiguaron el acto las diputadas Patricia Doroteo Calder\u00f3n, Alicia Elizabeth Zamora Villalva, J\u00e9ssica Alejo Rayo y Yanelly Hern\u00e1ndez Mart\u00ednez; tambi\u00e9n el rector de la Universidad Americana de Acapulco, Mario Mendoza Casta\u00f1eda, y m\u00faltiples funcionarios federales, estatales y municipales.<\/p>\n","protected":false},"excerpt":{"rendered":"<p>Chilpancingo, Gro., 28 enero de 2022.- Durante el acto de clausura del \u00abTaller legislativo para las juventudes. Cap\u00edtulo: Guerrero\u00bb, organizado en conjunto por el Senado de la Rep\u00fablica y el Congreso del Estado, diputados y senadores coincidieron en la importancia de que este sector de la poblaci\u00f3n se capacite en el \u00e1mbito pol\u00edtico-parlamentario, que les&#8230;<\/p>\n","protected":false},"author":1,"featured_media":1940,"comment_status":"closed","ping_status":"open","sticky":false,"template":"","format":"standard","meta":{"_monsterinsights_skip_tracking":false,"_monsterinsights_sitenote_active":false,"_monsterinsights_sitenote_note":"","_monsterinsights_sitenote_category":0,"footnotes":""},"categories":[3,25],"tags":[],"class_list":["post-1938","post","type-post","status-publish","format-standard","has-post-thumbnail","hentry","category-boletin","category-julieta-fernandez-marquez"],"aioseo_notices":[],"_links":{"self":[{"href":"https:\/\/congresogro.gob.mx\/63\/inicio\/wp-json\/wp\/v2\/posts\/1938","targetHints":{"allow":["GET"]}}],"collection":[{"href":"https:\/\/congresogro.gob.mx\/63\/inicio\/wp-json\/wp\/v2\/posts"}],"about":[{"href":"https:\/\/congresogro.gob.mx\/63\/inicio\/wp-json\/wp\/v2\/types\/post"}],"author":[{"embeddable":true,"href":"https:\/\/congresogro.gob.mx\/63\/inicio\/wp-json\/wp\/v2\/users\/1"}],"replies":[{"embeddable":true,"href":"https:\/\/congresogro.gob.mx\/63\/inicio\/wp-json\/wp\/v2\/comments?post=1938"}],"version-history":[{"count":1,"href":"https:\/\/congresogro.gob.mx\/63\/inicio\/wp-json\/wp\/v2\/posts\/1938\/revisions"}],"predecessor-version":[{"id":1944,"href":"https:\/\/congresogro.gob.mx\/63\/inicio\/wp-json\/wp\/v2\/posts\/1938\/revisions\/1944"}],"wp:featuredmedia":[{"embeddable":true,"href":"https:\/\/congresogro.gob.mx\/63\/inicio\/wp-json\/wp\/v2\/media\/1940"}],"wp:attachment":[{"href":"https:\/\/congresogro.gob.mx\/63\/inicio\/wp-json\/wp\/v2\/media?parent=1938"}],"wp:term":[{"taxonomy":"category","embeddable":true,"href":"https:\/\/congresogro.gob.mx\/63\/inicio\/wp-json\/wp\/v2\/categories?post=1938"},{"taxonomy":"post_tag","embeddable":true,"href":"https:\/\/congresogro.gob.mx\/63\/inicio\/wp-json\/wp\/v2\/tags?post=1938"}],"curies":[{"name":"wp","href":"https:\/\/api.w.org\/{rel}","templated":true}]}}