{"id":1932,"date":"2022-01-27T15:57:20","date_gmt":"2022-01-27T21:57:20","guid":{"rendered":"https:\/\/congresogro.gob.mx\/63\/inicio\/?p=1932"},"modified":"2022-01-28T15:58:40","modified_gmt":"2022-01-28T21:58:40","slug":"llaman-desde-el-congreso-a-poderes-e-instituciones-para-reforzar-las-medidas-de-prevencion-contra-el-covid-19","status":"publish","type":"post","link":"https:\/\/congresogro.gob.mx\/63\/inicio\/2022\/01\/27\/llaman-desde-el-congreso-a-poderes-e-instituciones-para-reforzar-las-medidas-de-prevencion-contra-el-covid-19\/","title":{"rendered":"LLAMAN DESDE EL CONGRESO A PODERES E INSTITUCIONES PARA REFORZAR LAS MEDIDAS DE PREVENCI\u00d3N CONTRA EL COVID-19"},"content":{"rendered":"<p style=\"text-align: justify;\"><strong>Chilpancingo, Gro., 27 enero de 2022.- <\/strong>La diputada Jessica Ivette Alejo Rayo hizo un llamado a los titulares de los poderes Ejecutivo y Judicial, \u00f3rganos aut\u00f3nomos y organismos p\u00fablicos descentralizados, as\u00ed como a los ayuntamientos, para que implementen acciones que contribuyan a prevenir la propagaci\u00f3n del Covid-19 y la variante \u00d3micron, haciendo respetar los porcentajes de ocupaci\u00f3n y horarios de las actividades esenciales y no esenciales en la entidad.<\/p>\n<p style=\"text-align: justify;\">La legisladora de Morena refiri\u00f3 que la pandemia ha causado estragos en los sistemas de salud a nivel mundial, y que en M\u00e9xico y en Guerrero las vacunas aprobadas hasta el momento siguen representando el mecanismo de protecci\u00f3n por excelencia, ya que crean inmunidad contra la grave y mortal enfermedad.<\/p>\n<p style=\"text-align: justify;\">Sin embargo, indic\u00f3 que no se debe bajar la guardia, ya que la pandemia sigue siendo dif\u00edcil y los \u00edndices de contagio han aumentado sin control.<\/p>\n<p style=\"text-align: justify;\">Se\u00f1al\u00f3 que de acuerdo con informaci\u00f3n de la Organizaci\u00f3n Mundial de la Salud (OMS), la nueva variante del SARS-CoV-2 conocida como \u00d3micron es de gran preocupaci\u00f3n, por la cantidad de mutaciones que presenta, existiendo el riesgo de que aumenten los contagios y las hospitalizaciones, lo que ocasionar\u00eda una sobresaturaci\u00f3n de los sistemas sanitarios en el estado.<\/p>\n<p style=\"text-align: justify;\">Detall\u00f3 que la Secretar\u00eda de Salud inform\u00f3 que, desde el inicio de la pandemia en Guerrero se acumulan 85,591 casos confirmados y 6,360 defunciones, y que al 23 de enero la entidad se mantiene en color verde del Sem\u00e1foro de Riesgo Epidemiol\u00f3gico, con 4 mil 411 casos activos, reportando 197 contagios y cero defunciones.<\/p>\n<p style=\"text-align: justify;\">Abund\u00f3 que el Consejo Estatal de Salud en el Estado sesion\u00f3 para acordar las acciones a implementar sobre la presencia de la nueva variante, entre las que se encuentran modificar los porcentajes de ocupaci\u00f3n, aforos y horarios de las actividades esenciales y no esenciales, para continuar avanzando en la recuperaci\u00f3n de las actividades econ\u00f3micas y sociales, fortalecer la apertura de comercios y negocios, privilegiando la salud y el bienestar de la poblaci\u00f3n.<\/p>\n<p style=\"text-align: justify;\">Por todo lo anterior, Alejo Rayo hizo un llamado a los titulares de los poderes Ejecutivo y Judicial, \u00f3rganos aut\u00f3nomos, \u00f3rganos p\u00fablicos descentralizados y ayuntamientos para que implementen acciones que contribuyan a prevenir m\u00e1s contagios y muertes por Covid.<\/p>\n<p style=\"text-align: justify;\">Refiri\u00f3 que tambi\u00e9n se deben garantizar condiciones de salud en favor de la poblaci\u00f3n vulnerable, entre las que se encuentran las personas adultas mayores y con discapacidad, mediante el dise\u00f1o de pol\u00edticas p\u00fablicas, programas y servicios que garanticen un ambiente sano y saludable, que brinde servicios de mayor calidad, incluyentes y equitativos, donde el centro y objetivo de todos los esfuerzos sean los guerrerenses.<\/p>\n<p style=\"text-align: justify;\">Por \u00faltimo, llam\u00f3 a sus compa\u00f1eros y compa\u00f1eros legisladores a seguir manteniendo las medidas b\u00e1sicas de prevenci\u00f3n, como son la sana distancia, el lavado frecuente de manos con agua y jab\u00f3n o la aplicaci\u00f3n constante de alcohol en gel, as\u00ed como el uso correcto de cubrebocas y la ventilaci\u00f3n cruzada en espacios cerrados.<\/p>\n","protected":false},"excerpt":{"rendered":"<p>Chilpancingo, Gro., 27 enero de 2022.- La diputada Jessica Ivette Alejo Rayo hizo un llamado a los titulares de los poderes Ejecutivo y Judicial, \u00f3rganos aut\u00f3nomos y organismos p\u00fablicos descentralizados, as\u00ed como a los ayuntamientos, para que implementen acciones que contribuyan a prevenir la propagaci\u00f3n del Covid-19 y la variante \u00d3micron, haciendo respetar los porcentajes&#8230;<\/p>\n","protected":false},"author":1,"featured_media":1934,"comment_status":"closed","ping_status":"open","sticky":false,"template":"","format":"standard","meta":{"_monsterinsights_skip_tracking":false,"_monsterinsights_sitenote_active":false,"_monsterinsights_sitenote_note":"","_monsterinsights_sitenote_category":0,"footnotes":""},"categories":[3,10],"tags":[],"class_list":["post-1932","post","type-post","status-publish","format-standard","has-post-thumbnail","hentry","category-boletin","category-jessica-ivette-alejo-rayo"],"aioseo_notices":[],"_links":{"self":[{"href":"https:\/\/congresogro.gob.mx\/63\/inicio\/wp-json\/wp\/v2\/posts\/1932","targetHints":{"allow":["GET"]}}],"collection":[{"href":"https:\/\/congresogro.gob.mx\/63\/inicio\/wp-json\/wp\/v2\/posts"}],"about":[{"href":"https:\/\/congresogro.gob.mx\/63\/inicio\/wp-json\/wp\/v2\/types\/post"}],"author":[{"embeddable":true,"href":"https:\/\/congresogro.gob.mx\/63\/inicio\/wp-json\/wp\/v2\/users\/1"}],"replies":[{"embeddable":true,"href":"https:\/\/congresogro.gob.mx\/63\/inicio\/wp-json\/wp\/v2\/comments?post=1932"}],"version-history":[{"count":1,"href":"https:\/\/congresogro.gob.mx\/63\/inicio\/wp-json\/wp\/v2\/posts\/1932\/revisions"}],"predecessor-version":[{"id":1935,"href":"https:\/\/congresogro.gob.mx\/63\/inicio\/wp-json\/wp\/v2\/posts\/1932\/revisions\/1935"}],"wp:featuredmedia":[{"embeddable":true,"href":"https:\/\/congresogro.gob.mx\/63\/inicio\/wp-json\/wp\/v2\/media\/1934"}],"wp:attachment":[{"href":"https:\/\/congresogro.gob.mx\/63\/inicio\/wp-json\/wp\/v2\/media?parent=1932"}],"wp:term":[{"taxonomy":"category","embeddable":true,"href":"https:\/\/congresogro.gob.mx\/63\/inicio\/wp-json\/wp\/v2\/categories?post=1932"},{"taxonomy":"post_tag","embeddable":true,"href":"https:\/\/congresogro.gob.mx\/63\/inicio\/wp-json\/wp\/v2\/tags?post=1932"}],"curies":[{"name":"wp","href":"https:\/\/api.w.org\/{rel}","templated":true}]}}