{"id":1919,"date":"2022-01-25T18:11:07","date_gmt":"2022-01-26T00:11:07","guid":{"rendered":"https:\/\/congresogro.gob.mx\/63\/inicio\/?p=1919"},"modified":"2022-01-26T18:11:58","modified_gmt":"2022-01-27T00:11:58","slug":"el-congreso-elegira-a-una-o-un-auditor-comprometido-con-el-buen-uso-de-los-recursos-publicos-gonzalez-varona","status":"publish","type":"post","link":"https:\/\/congresogro.gob.mx\/63\/inicio\/2022\/01\/25\/el-congreso-elegira-a-una-o-un-auditor-comprometido-con-el-buen-uso-de-los-recursos-publicos-gonzalez-varona\/","title":{"rendered":"EL CONGRESO ELEGIR\u00c1 A UNA O UN AUDITOR COMPROMETIDO CON EL BUEN USO DE LOS RECURSOS P\u00daBLICOS: GONZ\u00c1LEZ VARONA"},"content":{"rendered":"<p style=\"text-align: justify;\"><strong>Chilpancingo, Gro., 25 de enero del 2022. \u2013 <\/strong>El diputado Jacinto Gonz\u00e1lez Varona, presidente de la Comisi\u00f3n de Vigilancia y Evaluaci\u00f3n de la Auditor\u00eda Superior del Estado, asegur\u00f3 que la intenci\u00f3n de la LXIII Legislatura es elegir a una o un auditor general que sea \u00edntegro y est\u00e9 comprometido con la labor de vigilar el buen uso de los recursos p\u00fablicos.<\/p>\n<p style=\"text-align: justify;\">Indic\u00f3 que, a t\u00edtulo personal, para la selecci\u00f3n del titular de la ASE se debe emitir una nueva convocatoria, porque as\u00ed las y los legisladores tendr\u00e1n la oportunidad de conocer los planes, programas y proyectos de trabajo de todas y todos los aspirantes.<\/p>\n<p style=\"text-align: justify;\">Adem\u00e1s, se\u00f1al\u00f3 que ser\u00e1 una buena oportunidad para que la ciudadan\u00eda guerrerense conozca los perfiles y propuestas de quienes aspiran a ocupar tan importante encargo, ya que las entrevistas se transmitir\u00edan mediante las plataformas digitales del Congreso del Estado.<\/p>\n<p style=\"text-align: justify;\">El diputado explic\u00f3 que actualmente el asunto est\u00e1 en manos de la Junta de Coordinacion Pol\u00edtica, donde una vez que se llegue a un acuerdo, se dar\u00e1 a conocer a las y los guerrerenses. \u201cSe est\u00e1 buscando, principalmente, que las cosas se hagan de acuerdo con lo que se\u00f1ala la ley, con el objeto de que no vaya alguna impugnaci\u00f3n\u201d, abund\u00f3.<\/p>\n<p style=\"text-align: justify;\">Gonz\u00e1lez Varona extern\u00f3 que la ASE siempre ha sido un \u00f3rgano \u201cmuy cuadrado y alejado de la poblaci\u00f3n\u201d. En ese sentido, remarc\u00f3 que lo que la LXIII Legislatura busca es que el nuevo titular ciudadanice este ente p\u00fablico y lo acerque a las y los guerrerenses, de modo que se eficiente la labor de fiscalizaci\u00f3n de los recursos p\u00fablicos, para bien de Guerrero.<\/p>\n","protected":false},"excerpt":{"rendered":"<p>Chilpancingo, Gro., 25 de enero del 2022. \u2013 El diputado Jacinto Gonz\u00e1lez Varona, presidente de la Comisi\u00f3n de Vigilancia y Evaluaci\u00f3n de la Auditor\u00eda Superior del Estado, asegur\u00f3 que la intenci\u00f3n de la LXIII Legislatura es elegir a una o un auditor general que sea \u00edntegro y est\u00e9 comprometido con la labor de vigilar el&#8230;<\/p>\n","protected":false},"author":1,"featured_media":1921,"comment_status":"closed","ping_status":"open","sticky":false,"template":"","format":"standard","meta":{"_monsterinsights_skip_tracking":false,"_monsterinsights_sitenote_active":false,"_monsterinsights_sitenote_note":"","_monsterinsights_sitenote_category":0,"footnotes":""},"categories":[3,24],"tags":[],"class_list":["post-1919","post","type-post","status-publish","format-standard","has-post-thumbnail","hentry","category-boletin","category-jacinto-gonzalez"],"aioseo_notices":[],"_links":{"self":[{"href":"https:\/\/congresogro.gob.mx\/63\/inicio\/wp-json\/wp\/v2\/posts\/1919","targetHints":{"allow":["GET"]}}],"collection":[{"href":"https:\/\/congresogro.gob.mx\/63\/inicio\/wp-json\/wp\/v2\/posts"}],"about":[{"href":"https:\/\/congresogro.gob.mx\/63\/inicio\/wp-json\/wp\/v2\/types\/post"}],"author":[{"embeddable":true,"href":"https:\/\/congresogro.gob.mx\/63\/inicio\/wp-json\/wp\/v2\/users\/1"}],"replies":[{"embeddable":true,"href":"https:\/\/congresogro.gob.mx\/63\/inicio\/wp-json\/wp\/v2\/comments?post=1919"}],"version-history":[{"count":1,"href":"https:\/\/congresogro.gob.mx\/63\/inicio\/wp-json\/wp\/v2\/posts\/1919\/revisions"}],"predecessor-version":[{"id":1922,"href":"https:\/\/congresogro.gob.mx\/63\/inicio\/wp-json\/wp\/v2\/posts\/1919\/revisions\/1922"}],"wp:featuredmedia":[{"embeddable":true,"href":"https:\/\/congresogro.gob.mx\/63\/inicio\/wp-json\/wp\/v2\/media\/1921"}],"wp:attachment":[{"href":"https:\/\/congresogro.gob.mx\/63\/inicio\/wp-json\/wp\/v2\/media?parent=1919"}],"wp:term":[{"taxonomy":"category","embeddable":true,"href":"https:\/\/congresogro.gob.mx\/63\/inicio\/wp-json\/wp\/v2\/categories?post=1919"},{"taxonomy":"post_tag","embeddable":true,"href":"https:\/\/congresogro.gob.mx\/63\/inicio\/wp-json\/wp\/v2\/tags?post=1919"}],"curies":[{"name":"wp","href":"https:\/\/api.w.org\/{rel}","templated":true}]}}