{"id":1915,"date":"2022-01-25T18:09:40","date_gmt":"2022-01-26T00:09:40","guid":{"rendered":"https:\/\/congresogro.gob.mx\/63\/inicio\/?p=1915"},"modified":"2022-01-26T18:10:50","modified_gmt":"2022-01-27T00:10:50","slug":"desarrollaran-en-el-congreso-la-clausura-del-taller-legislativo-para-las-juventudes-capitulo-guerrero","status":"publish","type":"post","link":"https:\/\/congresogro.gob.mx\/63\/inicio\/2022\/01\/25\/desarrollaran-en-el-congreso-la-clausura-del-taller-legislativo-para-las-juventudes-capitulo-guerrero\/","title":{"rendered":"DESARROLLAR\u00c1N EN EL CONGRESO LA CLAUSURA DEL \u201cTALLER LEGISLATIVO PARA LAS JUVENTUDES, CAP\u00cdTULO GUERRERO\u201d"},"content":{"rendered":"<p style=\"text-align: justify;\"><strong>Chilpancingo, Gro., 25 enero de 2022.-<\/strong> El Congreso del Estado ser\u00e1 sede de la clausura del \u201cTaller Legislativo para las Juventudes, cap\u00edtulo Guerrero\u201d, el primero que organiza la asociaci\u00f3n <em>\u201c10 por M\u00e9xico\u201d <\/em>fuera del Senado de la Rep\u00fablica, con el objetivo de introducir a los j\u00f3venes guerrerenses en el proceso de formaci\u00f3n pol\u00edtica.<\/p>\n<p style=\"text-align: justify;\">As\u00ed lo inform\u00f3 la\u00a0diputada Julieta Fern\u00e1ndez M\u00e1rquez, quien en entrevista detall\u00f3 que dicha asociaci\u00f3n imparti\u00f3 este taller con valor curricular para j\u00f3venes de todo el estado de Guerrero, de manera presencial y virtual, del mes de octubre a diciembre del 2021, con asignaturas de oratoria, elaboraci\u00f3n de discursos, derecho constitucional y elaboraci\u00f3n de iniciativas, entre otras.<\/p>\n<p style=\"text-align: justify;\">A\u00f1adi\u00f3 que son 71 j\u00f3venes los que participaron en la capacitaci\u00f3n, misma que les permitir\u00e1 desarrollar toda una carrera en la pol\u00edtica y abrirse paso en el camino para una diputaci\u00f3n, o bien desarrollar el trabajo t\u00e9cnico dentro del Poder Legislativo.<\/p>\n<p style=\"text-align: justify;\">La tambi\u00e9n presidenta de la Comisi\u00f3n de Participaci\u00f3n Ciudadana indic\u00f3 que fueron invitados al acto de clausura que se realizar\u00e1 en las instalaciones del Congreso local los senadores de la Rep\u00fablica Manuel A\u00f1orve Ba\u00f1os, Miguel \u00c1ngel Mancera, Ricardo Monreal \u00c1vila y Nestora Salgado Garc\u00eda; el senador con licencia F\u00e9lix Salgado Macedonio y personalidades del \u00e1mbito acad\u00e9mico.<\/p>\n<p style=\"text-align: justify;\">Las actividades previas al acto de clausura se realizar\u00e1n el pr\u00f3ximo viernes 28 de enero 2022 en un horario de 09:00 a 16:00 horas, donde se har\u00e1 entrega de reconocimientos a los j\u00f3venes participantes, quienes tambi\u00e9n, bajo el formato de Parlamento Juvenil, expondr\u00e1n sus iniciativas en el Sal\u00f3n de Sesiones.<\/p>\n","protected":false},"excerpt":{"rendered":"<p>Chilpancingo, Gro., 25 enero de 2022.- El Congreso del Estado ser\u00e1 sede de la clausura del \u201cTaller Legislativo para las Juventudes, cap\u00edtulo Guerrero\u201d, el primero que organiza la asociaci\u00f3n \u201c10 por M\u00e9xico\u201d fuera del Senado de la Rep\u00fablica, con el objetivo de introducir a los j\u00f3venes guerrerenses en el proceso de formaci\u00f3n pol\u00edtica. As\u00ed lo&#8230;<\/p>\n","protected":false},"author":1,"featured_media":1917,"comment_status":"closed","ping_status":"open","sticky":false,"template":"","format":"standard","meta":{"_monsterinsights_skip_tracking":false,"_monsterinsights_sitenote_active":false,"_monsterinsights_sitenote_note":"","_monsterinsights_sitenote_category":0,"footnotes":""},"categories":[3,25],"tags":[],"class_list":["post-1915","post","type-post","status-publish","format-standard","has-post-thumbnail","hentry","category-boletin","category-julieta-fernandez-marquez"],"aioseo_notices":[],"_links":{"self":[{"href":"https:\/\/congresogro.gob.mx\/63\/inicio\/wp-json\/wp\/v2\/posts\/1915","targetHints":{"allow":["GET"]}}],"collection":[{"href":"https:\/\/congresogro.gob.mx\/63\/inicio\/wp-json\/wp\/v2\/posts"}],"about":[{"href":"https:\/\/congresogro.gob.mx\/63\/inicio\/wp-json\/wp\/v2\/types\/post"}],"author":[{"embeddable":true,"href":"https:\/\/congresogro.gob.mx\/63\/inicio\/wp-json\/wp\/v2\/users\/1"}],"replies":[{"embeddable":true,"href":"https:\/\/congresogro.gob.mx\/63\/inicio\/wp-json\/wp\/v2\/comments?post=1915"}],"version-history":[{"count":1,"href":"https:\/\/congresogro.gob.mx\/63\/inicio\/wp-json\/wp\/v2\/posts\/1915\/revisions"}],"predecessor-version":[{"id":1918,"href":"https:\/\/congresogro.gob.mx\/63\/inicio\/wp-json\/wp\/v2\/posts\/1915\/revisions\/1918"}],"wp:featuredmedia":[{"embeddable":true,"href":"https:\/\/congresogro.gob.mx\/63\/inicio\/wp-json\/wp\/v2\/media\/1917"}],"wp:attachment":[{"href":"https:\/\/congresogro.gob.mx\/63\/inicio\/wp-json\/wp\/v2\/media?parent=1915"}],"wp:term":[{"taxonomy":"category","embeddable":true,"href":"https:\/\/congresogro.gob.mx\/63\/inicio\/wp-json\/wp\/v2\/categories?post=1915"},{"taxonomy":"post_tag","embeddable":true,"href":"https:\/\/congresogro.gob.mx\/63\/inicio\/wp-json\/wp\/v2\/tags?post=1915"}],"curies":[{"name":"wp","href":"https:\/\/api.w.org\/{rel}","templated":true}]}}