{"id":1910,"date":"2022-01-24T13:18:09","date_gmt":"2022-01-24T19:18:09","guid":{"rendered":"https:\/\/congresogro.gob.mx\/63\/inicio\/?p=1910"},"modified":"2022-01-25T13:19:30","modified_gmt":"2022-01-25T19:19:30","slug":"imperante-dar-cumplimiento-al-mandato-constitucional-para-la-proteccion-y-conservacion-del-patrimonio-cultural-de-los-afrodescendientes","status":"publish","type":"post","link":"https:\/\/congresogro.gob.mx\/63\/inicio\/2022\/01\/24\/imperante-dar-cumplimiento-al-mandato-constitucional-para-la-proteccion-y-conservacion-del-patrimonio-cultural-de-los-afrodescendientes\/","title":{"rendered":"IMPERANTE DAR CUMPLIMIENTO AL MANDATO CONSTITUCIONAL PARA LA PROTECCI\u00d3N Y CONSERVACI\u00d3N DEL PATRIMONIO CULTURAL DE LOS AFRODESCENDIENTES"},"content":{"rendered":"<p style=\"text-align: justify;\"><strong>Chilpancingo, Gro., 24 enero de 2022.-<\/strong> El Congreso del Estado particip\u00f3 este lunes en el \u201cConversatorio sobre el Patrimonio Cultural de las Poblaciones Afrodescendientes en M\u00e9xico\u201d, con motivo del \u201cD\u00eda Mundial de la Cultura Africana y de los Afrodescendientes\u201d, mismo que se realiz\u00f3 en coordinaci\u00f3n con el Senado de la Rep\u00fablica, la C\u00e1mara de Diputados federal, el Congreso de la Ciudad de M\u00e9xico y el Instituto Nacional de Antropolog\u00eda e Historia.<\/p>\n<p style=\"text-align: justify;\">Esta actividad se desarroll\u00f3 de manera virtual y p\u00fablica a trav\u00e9s de las plataformas digitales del Congreso local y dem\u00e1s instituciones, y cont\u00f3 con la participaci\u00f3n de las diputadas Marben de la Cruz Santiago y Leticia Mosso Hern\u00e1ndez, presidenta y secretaria de la Comisi\u00f3n de Asuntos Ind\u00edgenas y Afromexicanos, respectivamente.<\/p>\n<p style=\"text-align: justify;\">Ah\u00ed, las legisladoras recordaron que existe un mandato constitucional de protecci\u00f3n y conservaci\u00f3n del patrimonio cultural de las poblaciones afrodescendientes, situaci\u00f3n que es importante observar y cumplir por parte del Estado y sus instituciones.<\/p>\n<p style=\"text-align: justify;\">En su participaci\u00f3n con el tema \u201cMedidas legislativas necesarias para el fomento, promoci\u00f3n, protecci\u00f3n y conservaci\u00f3n del patrimonio cultural de las poblaciones afrodescendientes en M\u00e9xico\u201d, la diputada Marben de la Cruz expuso que para lograrse el mayor reconocimiento a los pueblos y comunidades afromexicanas, es necesaria una amplia difusi\u00f3n y promoci\u00f3n de la Ley 701 de Reconocimiento, Derechos y Cultura de los Pueblos y Comunidades Ind\u00edgenas y Afromexicana del Estado de Guerrero, misma que se debe de armonizar con las leyes federales.<\/p>\n<p style=\"text-align: justify;\">Adem\u00e1s, propuso que el Poder Ejecutivo y los ayuntamientos establezcan los mecanismos de coordinaci\u00f3n necesarios para darle vida a las Casas de Cultura y Museos Afromexicanos.<\/p>\n<p style=\"text-align: justify;\">En el conversatorio se presentaron propuestas en relaci\u00f3n con la protecci\u00f3n y fortalecimiento de estas culturas, no s\u00f3lo del estado sino de todo el pa\u00eds, y se compartieron experiencias de artistas y creadores.<\/p>\n<p style=\"text-align: justify;\">Participaron tambi\u00e9n\u00a0senadoras y diputados federales de los diferentes grupos parlamentarios, quienes coincidieron en la necesidad de que las dependencias locales y federales refuercen sus proyectos, acciones y estrategias para la protecci\u00f3n del patrimonio tangible e intangible que representan estos pueblos.<\/p>\n","protected":false},"excerpt":{"rendered":"<p>Chilpancingo, Gro., 24 enero de 2022.- El Congreso del Estado particip\u00f3 este lunes en el \u201cConversatorio sobre el Patrimonio Cultural de las Poblaciones Afrodescendientes en M\u00e9xico\u201d, con motivo del \u201cD\u00eda Mundial de la Cultura Africana y de los Afrodescendientes\u201d, mismo que se realiz\u00f3 en coordinaci\u00f3n con el Senado de la Rep\u00fablica, la C\u00e1mara de Diputados&#8230;<\/p>\n","protected":false},"author":1,"featured_media":1912,"comment_status":"closed","ping_status":"open","sticky":false,"template":"","format":"standard","meta":{"_monsterinsights_skip_tracking":false,"_monsterinsights_sitenote_active":false,"_monsterinsights_sitenote_note":"","_monsterinsights_sitenote_category":0,"footnotes":""},"categories":[3,12],"tags":[],"class_list":["post-1910","post","type-post","status-publish","format-standard","has-post-thumbnail","hentry","category-boletin","category-marben-de-la-cruz-santiago"],"aioseo_notices":[],"_links":{"self":[{"href":"https:\/\/congresogro.gob.mx\/63\/inicio\/wp-json\/wp\/v2\/posts\/1910","targetHints":{"allow":["GET"]}}],"collection":[{"href":"https:\/\/congresogro.gob.mx\/63\/inicio\/wp-json\/wp\/v2\/posts"}],"about":[{"href":"https:\/\/congresogro.gob.mx\/63\/inicio\/wp-json\/wp\/v2\/types\/post"}],"author":[{"embeddable":true,"href":"https:\/\/congresogro.gob.mx\/63\/inicio\/wp-json\/wp\/v2\/users\/1"}],"replies":[{"embeddable":true,"href":"https:\/\/congresogro.gob.mx\/63\/inicio\/wp-json\/wp\/v2\/comments?post=1910"}],"version-history":[{"count":1,"href":"https:\/\/congresogro.gob.mx\/63\/inicio\/wp-json\/wp\/v2\/posts\/1910\/revisions"}],"predecessor-version":[{"id":1913,"href":"https:\/\/congresogro.gob.mx\/63\/inicio\/wp-json\/wp\/v2\/posts\/1910\/revisions\/1913"}],"wp:featuredmedia":[{"embeddable":true,"href":"https:\/\/congresogro.gob.mx\/63\/inicio\/wp-json\/wp\/v2\/media\/1912"}],"wp:attachment":[{"href":"https:\/\/congresogro.gob.mx\/63\/inicio\/wp-json\/wp\/v2\/media?parent=1910"}],"wp:term":[{"taxonomy":"category","embeddable":true,"href":"https:\/\/congresogro.gob.mx\/63\/inicio\/wp-json\/wp\/v2\/categories?post=1910"},{"taxonomy":"post_tag","embeddable":true,"href":"https:\/\/congresogro.gob.mx\/63\/inicio\/wp-json\/wp\/v2\/tags?post=1910"}],"curies":[{"name":"wp","href":"https:\/\/api.w.org\/{rel}","templated":true}]}}