{"id":1901,"date":"2022-01-23T10:49:07","date_gmt":"2022-01-23T16:49:07","guid":{"rendered":"https:\/\/congresogro.gob.mx\/63\/inicio\/?p=1901"},"modified":"2022-01-24T10:51:21","modified_gmt":"2022-01-24T16:51:21","slug":"seguiran-buscando-los-consensos-para-nombrar-titular-de-la-ase-alfredo-sanchez","status":"publish","type":"post","link":"https:\/\/congresogro.gob.mx\/63\/inicio\/2022\/01\/23\/seguiran-buscando-los-consensos-para-nombrar-titular-de-la-ase-alfredo-sanchez\/","title":{"rendered":"SEGUIR\u00c1N BUSCANDO LOS CONSENSOS PARA NOMBRAR TITULAR DE LA ASE: ALFREDO S\u00c1NCHEZ"},"content":{"rendered":"<p style=\"text-align: justify;\"><strong>Chilpancingo, Gro., a <\/strong><strong>23 de enero 2022<\/strong>.- El presidente de la Junta de Coordinaci\u00f3n Pol\u00edtica del Congreso del Estado Alfredo S\u00e1nchez Esquivel manifest\u00f3 que para el nombramiento de la o el Titular de la Auditor\u00eda Superior del Estado, se seguir\u00e1n buscando los consensos y los acuerdos necesarios dentro de la Junta y posteriormente en el Pleno.<\/p>\n<p style=\"text-align: justify;\">El legislador mostr\u00f3 optimismo en que pronto se logren los acuerdos que permitan\u00a0 contar con una o un titular que se encargue de fiscalizar los recursos de las dependencias u \u00f3rganos de gobierno que manejen recursos p\u00fablicos.<\/p>\n<p style=\"text-align: justify;\">Dijo que de momento la Auditor\u00eda cuenta con una Encargada de despacho que est\u00e1 dando cuenta de lo que ocurre con los recursos de los ejecutores del gasto, lo que significa que la Auditor\u00eda Superior del estado sigue funcionando.<\/p>\n<p style=\"text-align: justify;\">En ese tenor, S\u00e1nchez Esquivel hizo un llamado a los entes fiscalizables a seguir cumpliendo con las normas establecidas para la aplicaci\u00f3n de los recursos porque esas reglas deben seguir respet\u00e1ndose.<\/p>\n<p style=\"text-align: justify;\">Por \u00faltimo\u00a0 el diputado morenista reiter\u00f3 que en tanto no exista un acuerdo o se logre los dos tercios en el pleno para nombrar a la o el responsable del \u00f3rgano fiscalizador, seguir\u00e1 estando una encargada que dar\u00e1 seguimiento a todos los asuntos que le compete a la ASE.<\/p>\n","protected":false},"excerpt":{"rendered":"<p>Chilpancingo, Gro., a 23 de enero 2022.- El presidente de la Junta de Coordinaci\u00f3n Pol\u00edtica del Congreso del Estado Alfredo S\u00e1nchez Esquivel manifest\u00f3 que para el nombramiento de la o el Titular de la Auditor\u00eda Superior del Estado, se seguir\u00e1n buscando los consensos y los acuerdos necesarios dentro de la Junta y posteriormente en el&#8230;<\/p>\n","protected":false},"author":1,"featured_media":1903,"comment_status":"closed","ping_status":"open","sticky":false,"template":"","format":"standard","meta":{"_monsterinsights_skip_tracking":false,"_monsterinsights_sitenote_active":false,"_monsterinsights_sitenote_note":"","_monsterinsights_sitenote_category":0,"footnotes":""},"categories":[4,3],"tags":[],"class_list":["post-1901","post","type-post","status-publish","format-standard","has-post-thumbnail","hentry","category-alfredo-sanchez-esquivel","category-boletin"],"aioseo_notices":[],"_links":{"self":[{"href":"https:\/\/congresogro.gob.mx\/63\/inicio\/wp-json\/wp\/v2\/posts\/1901","targetHints":{"allow":["GET"]}}],"collection":[{"href":"https:\/\/congresogro.gob.mx\/63\/inicio\/wp-json\/wp\/v2\/posts"}],"about":[{"href":"https:\/\/congresogro.gob.mx\/63\/inicio\/wp-json\/wp\/v2\/types\/post"}],"author":[{"embeddable":true,"href":"https:\/\/congresogro.gob.mx\/63\/inicio\/wp-json\/wp\/v2\/users\/1"}],"replies":[{"embeddable":true,"href":"https:\/\/congresogro.gob.mx\/63\/inicio\/wp-json\/wp\/v2\/comments?post=1901"}],"version-history":[{"count":2,"href":"https:\/\/congresogro.gob.mx\/63\/inicio\/wp-json\/wp\/v2\/posts\/1901\/revisions"}],"predecessor-version":[{"id":9837,"href":"https:\/\/congresogro.gob.mx\/63\/inicio\/wp-json\/wp\/v2\/posts\/1901\/revisions\/9837"}],"wp:featuredmedia":[{"embeddable":true,"href":"https:\/\/congresogro.gob.mx\/63\/inicio\/wp-json\/wp\/v2\/media\/1903"}],"wp:attachment":[{"href":"https:\/\/congresogro.gob.mx\/63\/inicio\/wp-json\/wp\/v2\/media?parent=1901"}],"wp:term":[{"taxonomy":"category","embeddable":true,"href":"https:\/\/congresogro.gob.mx\/63\/inicio\/wp-json\/wp\/v2\/categories?post=1901"},{"taxonomy":"post_tag","embeddable":true,"href":"https:\/\/congresogro.gob.mx\/63\/inicio\/wp-json\/wp\/v2\/tags?post=1901"}],"curies":[{"name":"wp","href":"https:\/\/api.w.org\/{rel}","templated":true}]}}