{"id":1889,"date":"2022-01-20T10:31:29","date_gmt":"2022-01-20T16:31:29","guid":{"rendered":"https:\/\/congresogro.gob.mx\/63\/inicio\/?p=1889"},"modified":"2022-01-21T10:34:06","modified_gmt":"2022-01-21T16:34:06","slug":"invita-congreso-a-conversatorio-cultural-de-pueblos-afrodescendientes","status":"publish","type":"post","link":"https:\/\/congresogro.gob.mx\/63\/inicio\/2022\/01\/20\/invita-congreso-a-conversatorio-cultural-de-pueblos-afrodescendientes\/","title":{"rendered":"INVITA CONGRESO A CONVERSATORIO CULTURAL DE PUEBLOS AFRODESCENDIENTES"},"content":{"rendered":"<p style=\"text-align: justify;\"><strong>Chilpancingo, Gro., a 20 de enero 2022<\/strong>.- El Congreso de Guerrero participar\u00e1 en el\u00a0 \u00abConversatorio sobre el Patrimonio Cultural de las Poblaciones Afrodescendientes en M\u00e9xico\u00bb\u00a0 que tiene como prop\u00f3sito presentar propuestas que promuevan, protejan y fortalezcan las culturas de los pueblos y comunidades ind\u00edgenas no solo del estado, sino de todo el pa\u00eds, inform\u00f3 la diputada Marben de la Cruz Santiago.<\/p>\n<p><img loading=\"lazy\" decoding=\"async\" class=\"alignnone size-medium wp-image-1891\" src=\"https:\/\/congresogro.gob.mx\/63\/inicio\/wp-content\/uploads\/2022\/01\/WhatsApp-Image-2022-01-20-at-2.32.34-PM-1-640x360.jpeg\" alt=\"\" width=\"640\" height=\"360\" srcset=\"https:\/\/congresogro.gob.mx\/63\/inicio\/wp-content\/uploads\/2022\/01\/WhatsApp-Image-2022-01-20-at-2.32.34-PM-1-640x360.jpeg 640w, https:\/\/congresogro.gob.mx\/63\/inicio\/wp-content\/uploads\/2022\/01\/WhatsApp-Image-2022-01-20-at-2.32.34-PM-1-768x432.jpeg 768w, https:\/\/congresogro.gob.mx\/63\/inicio\/wp-content\/uploads\/2022\/01\/WhatsApp-Image-2022-01-20-at-2.32.34-PM-1-320x180.jpeg 320w, https:\/\/congresogro.gob.mx\/63\/inicio\/wp-content\/uploads\/2022\/01\/WhatsApp-Image-2022-01-20-at-2.32.34-PM-1.jpeg 1280w\" sizes=\"auto, (max-width: 640px) 100vw, 640px\" \/><\/p>\n<p style=\"text-align: justify;\">La legisladora presidenta de la Comisi\u00f3n de Asuntos Ind\u00edgenas y Afromexicanos en entrevista extern\u00f3 que la actividad se desarrollar\u00e1 en el marco del D\u00eda Mundial de la Cultura Africana y de los Afrodescendientes, a conmemorarse el pr\u00f3ximo lunes 24 de enero a las 10:00 de la ma\u00f1ana en la que participar\u00e1 con el tema \u00abMedidas legislativas necesarias para el fomento, promoci\u00f3n, protecci\u00f3n y conservaci\u00f3n del patrimonio cultural de las poblaciones afrodescendientes en M\u00e9xico\u00bb.<\/p>\n<p style=\"text-align: justify;\">Por ello, la diputada celebr\u00f3 la realizaci\u00f3n del conversatorio en el que tambi\u00e9n participar\u00e1n las y los diputados integrantes de la Comisi\u00f3n de Asuntos Ind\u00edgenas y Afromexicanos del Congreso de Guerrero; el Senado de la Rep\u00fablica, la C\u00e1mara de Diputados del Congreso de la Uni\u00f3n, el Instituto Nacional de Antropolog\u00eda e Historia, as\u00ed como los dem\u00e1s Congresos locales.<\/p>\n<p style=\"text-align: justify;\">Marben de la Cruz hizo extensiva la invitaci\u00f3n a la poblaci\u00f3n en general a participar en el evento que ser\u00e1 trasmitido por las plataformas oficiales del Poder Legislativo, para conocer las acciones y estrategias \u00a0que se impulsaran a favor de los derechos de los pueblos ind\u00edgenas y afromexicanos; asimismo, conocer lo relacionado a Ley Federal de Protecci\u00f3n al Patrimonio Cultural, recientemente entrada en vigor el 18 de enero del presente a\u00f1o y que tiene por objeto reconocer y garantizar, la protecci\u00f3n, salvaguardar y desarrollo del patrimonio cultural.<\/p>\n<p style=\"text-align: justify;\">Adelant\u00f3 que en el programa a desarrollarse durante varias horas contar\u00e1 con la participaci\u00f3n de experiencias de personas artistas y creadoras afromexicanas, afrodescendientes y negras; propuestas para impulsar la cultura de los pueblos ind\u00edgenas y Afromexicanas, temas que ya est\u00e1n plasmados en la agenda legislativa de la Comisi\u00f3n de Asuntos Ind\u00edgenas y Afromexicanos para proteger el patrimonio cultura de los citados pueblos y comunidades ind\u00edgenas concentradas en cinco regiones de la entidad.<\/p>\n<p><img loading=\"lazy\" decoding=\"async\" class=\"alignnone size-medium wp-image-1892\" src=\"https:\/\/congresogro.gob.mx\/63\/inicio\/wp-content\/uploads\/2022\/01\/WhatsApp-Image-2022-01-20-at-2.32.34-PM-2-640x828.jpeg\" alt=\"\" width=\"640\" height=\"828\" srcset=\"https:\/\/congresogro.gob.mx\/63\/inicio\/wp-content\/uploads\/2022\/01\/WhatsApp-Image-2022-01-20-at-2.32.34-PM-2-640x828.jpeg 640w, https:\/\/congresogro.gob.mx\/63\/inicio\/wp-content\/uploads\/2022\/01\/WhatsApp-Image-2022-01-20-at-2.32.34-PM-2-768x994.jpeg 768w, https:\/\/congresogro.gob.mx\/63\/inicio\/wp-content\/uploads\/2022\/01\/WhatsApp-Image-2022-01-20-at-2.32.34-PM-2-320x414.jpeg 320w, https:\/\/congresogro.gob.mx\/63\/inicio\/wp-content\/uploads\/2022\/01\/WhatsApp-Image-2022-01-20-at-2.32.34-PM-2.jpeg 989w\" sizes=\"auto, (max-width: 640px) 100vw, 640px\" \/><\/p>\n<p style=\"text-align: justify;\">\n","protected":false},"excerpt":{"rendered":"<p>Chilpancingo, Gro., a 20 de enero 2022.- El Congreso de Guerrero participar\u00e1 en el\u00a0 \u00abConversatorio sobre el Patrimonio Cultural de las Poblaciones Afrodescendientes en M\u00e9xico\u00bb\u00a0 que tiene como prop\u00f3sito presentar propuestas que promuevan, protejan y fortalezcan las culturas de los pueblos y comunidades ind\u00edgenas no solo del estado, sino de todo el pa\u00eds, inform\u00f3 la&#8230;<\/p>\n","protected":false},"author":1,"featured_media":1805,"comment_status":"closed","ping_status":"open","sticky":false,"template":"","format":"standard","meta":{"_monsterinsights_skip_tracking":false,"_monsterinsights_sitenote_active":false,"_monsterinsights_sitenote_note":"","_monsterinsights_sitenote_category":0,"footnotes":""},"categories":[3,12],"tags":[],"class_list":["post-1889","post","type-post","status-publish","format-standard","has-post-thumbnail","hentry","category-boletin","category-marben-de-la-cruz-santiago"],"aioseo_notices":[],"_links":{"self":[{"href":"https:\/\/congresogro.gob.mx\/63\/inicio\/wp-json\/wp\/v2\/posts\/1889","targetHints":{"allow":["GET"]}}],"collection":[{"href":"https:\/\/congresogro.gob.mx\/63\/inicio\/wp-json\/wp\/v2\/posts"}],"about":[{"href":"https:\/\/congresogro.gob.mx\/63\/inicio\/wp-json\/wp\/v2\/types\/post"}],"author":[{"embeddable":true,"href":"https:\/\/congresogro.gob.mx\/63\/inicio\/wp-json\/wp\/v2\/users\/1"}],"replies":[{"embeddable":true,"href":"https:\/\/congresogro.gob.mx\/63\/inicio\/wp-json\/wp\/v2\/comments?post=1889"}],"version-history":[{"count":1,"href":"https:\/\/congresogro.gob.mx\/63\/inicio\/wp-json\/wp\/v2\/posts\/1889\/revisions"}],"predecessor-version":[{"id":1893,"href":"https:\/\/congresogro.gob.mx\/63\/inicio\/wp-json\/wp\/v2\/posts\/1889\/revisions\/1893"}],"wp:featuredmedia":[{"embeddable":true,"href":"https:\/\/congresogro.gob.mx\/63\/inicio\/wp-json\/wp\/v2\/media\/1805"}],"wp:attachment":[{"href":"https:\/\/congresogro.gob.mx\/63\/inicio\/wp-json\/wp\/v2\/media?parent=1889"}],"wp:term":[{"taxonomy":"category","embeddable":true,"href":"https:\/\/congresogro.gob.mx\/63\/inicio\/wp-json\/wp\/v2\/categories?post=1889"},{"taxonomy":"post_tag","embeddable":true,"href":"https:\/\/congresogro.gob.mx\/63\/inicio\/wp-json\/wp\/v2\/tags?post=1889"}],"curies":[{"name":"wp","href":"https:\/\/api.w.org\/{rel}","templated":true}]}}