{"id":1817,"date":"2022-01-18T23:05:35","date_gmt":"2022-01-19T05:05:35","guid":{"rendered":"https:\/\/congresogro.gob.mx\/63\/inicio\/?p=1817"},"modified":"2022-01-18T23:05:35","modified_gmt":"2022-01-19T05:05:35","slug":"propone-jucopo-reformas-a-la-ley-de-participacion-ciudadana","status":"publish","type":"post","link":"https:\/\/congresogro.gob.mx\/63\/inicio\/2022\/01\/18\/propone-jucopo-reformas-a-la-ley-de-participacion-ciudadana\/","title":{"rendered":"PROPONE JUCOPO REFORMAS A LA LEY DE PARTICIPACI\u00d3N CIUDADANA"},"content":{"rendered":"<p style=\"text-align: justify;\"><strong>Chilpancingo, Gro., a 18 de enero 2022.-<\/strong> La Junta de Coordinaci\u00f3n Pol\u00edtica present\u00f3 una iniciativa de reforma a la Ley de Participaci\u00f3n Ciudadana del Estado de Guerrero, para que la primera elecci\u00f3n de los Comit\u00e9s Ciudadanos sea el a\u00f1o siguiente a la culminaci\u00f3n del proceso electoral local ordinario 2023 -2024.<\/p>\n<p style=\"text-align: justify;\">La propuesta, que fue le\u00edda en la Mesa Directiva, expone que el objetivo primordial de la Ley de Participaci\u00f3n Ciudadana es buscar la integraci\u00f3n y la vinculaci\u00f3n ciudadana en los programas y acciones de los diferentes \u00f3rganos de gobierno; y es por eso que se realiz\u00f3 la implementaci\u00f3n de las figuras de las Asambleas y los Comit\u00e9s Ciudadanos para establecer un mecanismo directo para la soluci\u00f3n de problem\u00e1ticas de una comunidad.<\/p>\n<p style=\"text-align: justify;\">Adem\u00e1s, uno de los fines de este ordenamiento es contar con mecanismos que abonen a optimizar la administraci\u00f3n y transparencia de los recursos p\u00fablicos en la ejecuci\u00f3n de programas, en base al presupuesto que aprueba el Congreso del Estado; y es por ello, que en la implementaci\u00f3n de pol\u00edticas p\u00fablicas se establece las figuras de participaci\u00f3n ciudadana a trav\u00e9s de los Comit\u00e9s Ciudadanos.<\/p>\n<p style=\"text-align: justify;\">Asimismo, establece, en el art\u00edculo segundo transitorio, que la primera elecci\u00f3n de Comit\u00e9s Ciudadanos se realizar\u00e1 en el t\u00e9rmino de los primeros seis meses del a\u00f1o inmediato siguiente, una vez concluido el pr\u00f3ximo proceso electoral local en el Estado de Guerrero 2020-2021.<\/p>\n<p style=\"text-align: justify;\">\n<p style=\"text-align: justify;\">Sin embargo, la ley en menci\u00f3n ha tenido una serie de reformas y adiciones que ha generado ambig\u00fcedades ya que omite se\u00f1alar con precisi\u00f3n los procedimientos espec\u00edficos mediante los cuales se va a elegir estas figuras jur\u00eddicas, ya que s\u00f3lo establece que se elegir\u00e1 un Comit\u00e9 Ciudadano por cada demarcaci\u00f3n, pero no en cu\u00e1ntas demarcaciones se dividir\u00e1 el territorio de la entidad. Tampoco cu\u00e1l es el \u00e1mbito geogr\u00e1fico que comprender\u00e1 cada una de estas y sus par\u00e1metros, no define el alcance y contundencia de las actividades y funciones propias de estos Comit\u00e9s, una vez que\u00a0 fuesen electos.<\/p>\n<p style=\"text-align: justify;\">De igual manera, no se estableci\u00f3 un presupuesto para los Comit\u00e9s para desarrollar o ejecutar actividades, programas u obras en beneficio de la comunidad que representan, pero s\u00ed, que dichos cargos ser\u00edan honor\u00edficos y que sus participaciones o propuestas no ser\u00edan vinculantes para los \u00f3rganos de gobierno.<\/p>\n<p style=\"text-align: justify;\">Por lo anterior, propone modificar el plazo que actualmente se encuentra establecido en el art\u00edculo segundo transitorio y analizar la posibilidad de hacer las adecuaciones t\u00e9cnicas y jur\u00eddicas suficientes a la presente Ley o bien emitir una nueva, que permita subsanar las inconsistencias antes de llevar a cabo la primera elecci\u00f3n de Comit\u00e9s Ciudadanos programada dentro de los primeros seis meses del a\u00f1o 2022.<\/p>\n<p style=\"text-align: justify;\">Ya que es importante que el Poder Legislativo analice y discuta sobre la viabilidad jur\u00eddica de continuar con la implementaci\u00f3n de esta figura de representaci\u00f3n vecinal y su correspondiente proceso electivo.<\/p>\n","protected":false},"excerpt":{"rendered":"<p>Chilpancingo, Gro., a 18 de enero 2022.- La Junta de Coordinaci\u00f3n Pol\u00edtica present\u00f3 una iniciativa de reforma a la Ley de Participaci\u00f3n Ciudadana del Estado de Guerrero, para que la primera elecci\u00f3n de los Comit\u00e9s Ciudadanos sea el a\u00f1o siguiente a la culminaci\u00f3n del proceso electoral local ordinario 2023 -2024. La propuesta, que fue le\u00edda&#8230;<\/p>\n","protected":false},"author":1,"featured_media":1015,"comment_status":"closed","ping_status":"open","sticky":false,"template":"","format":"standard","meta":{"_monsterinsights_skip_tracking":false,"_monsterinsights_sitenote_active":false,"_monsterinsights_sitenote_note":"","_monsterinsights_sitenote_category":0,"footnotes":""},"categories":[3],"tags":[],"class_list":["post-1817","post","type-post","status-publish","format-standard","has-post-thumbnail","hentry","category-boletin"],"aioseo_notices":[],"_links":{"self":[{"href":"https:\/\/congresogro.gob.mx\/63\/inicio\/wp-json\/wp\/v2\/posts\/1817","targetHints":{"allow":["GET"]}}],"collection":[{"href":"https:\/\/congresogro.gob.mx\/63\/inicio\/wp-json\/wp\/v2\/posts"}],"about":[{"href":"https:\/\/congresogro.gob.mx\/63\/inicio\/wp-json\/wp\/v2\/types\/post"}],"author":[{"embeddable":true,"href":"https:\/\/congresogro.gob.mx\/63\/inicio\/wp-json\/wp\/v2\/users\/1"}],"replies":[{"embeddable":true,"href":"https:\/\/congresogro.gob.mx\/63\/inicio\/wp-json\/wp\/v2\/comments?post=1817"}],"version-history":[{"count":2,"href":"https:\/\/congresogro.gob.mx\/63\/inicio\/wp-json\/wp\/v2\/posts\/1817\/revisions"}],"predecessor-version":[{"id":1820,"href":"https:\/\/congresogro.gob.mx\/63\/inicio\/wp-json\/wp\/v2\/posts\/1817\/revisions\/1820"}],"wp:featuredmedia":[{"embeddable":true,"href":"https:\/\/congresogro.gob.mx\/63\/inicio\/wp-json\/wp\/v2\/media\/1015"}],"wp:attachment":[{"href":"https:\/\/congresogro.gob.mx\/63\/inicio\/wp-json\/wp\/v2\/media?parent=1817"}],"wp:term":[{"taxonomy":"category","embeddable":true,"href":"https:\/\/congresogro.gob.mx\/63\/inicio\/wp-json\/wp\/v2\/categories?post=1817"},{"taxonomy":"post_tag","embeddable":true,"href":"https:\/\/congresogro.gob.mx\/63\/inicio\/wp-json\/wp\/v2\/tags?post=1817"}],"curies":[{"name":"wp","href":"https:\/\/api.w.org\/{rel}","templated":true}]}}