{"id":180,"date":"2021-09-07T17:04:03","date_gmt":"2021-09-07T17:04:03","guid":{"rendered":"https:\/\/congresogro.gob.mx\/63\/inicio\/?p=180"},"modified":"2021-09-08T17:26:11","modified_gmt":"2021-09-08T17:26:11","slug":"aprueba-la-lxiii-legislatura-sus-dias-y-horarios-habiles","status":"publish","type":"post","link":"https:\/\/congresogro.gob.mx\/63\/inicio\/2021\/09\/07\/aprueba-la-lxiii-legislatura-sus-dias-y-horarios-habiles\/","title":{"rendered":"APRUEBA LA LXIII LEGISLATURA SUS D\u00cdAS Y HORARIOS H\u00c1BILES"},"content":{"rendered":"<p style=\"text-align: justify;\"><strong>Chilpancingo, Gro., 07 de septiembre de 2021.- <\/strong>La LXII Legislatura al Congreso del Estado aprob\u00f3 un acuerdo parlamentario para establecer los d\u00edas y horas h\u00e1biles de la instituci\u00f3n.<\/p>\n<p style=\"text-align: justify;\">En el documento suscrito por la Mesa Directiva se se\u00f1ala que quedan establecidos como d\u00edas h\u00e1biles, para efecto de c\u00f3mputo de los plazos y t\u00e9rminos constitucionales y legales, todos los d\u00edas, excepto s\u00e1bados, domingos y los establecidos en las Leyes Federal del Trabajo y de Trabajo de los Servidores P\u00fablicos del Estado.<\/p>\n<p style=\"text-align: justify;\">En estos \u00faltimos casos, no correr\u00e1n los plazos y t\u00e9rminos legales, salvo aquellos d\u00edas \u00fatiles en los cuales el Pleno del Congreso o la Comisi\u00f3n Permanente celebren sesiones.<\/p>\n<p style=\"text-align: justify;\">Tambi\u00e9n se establecen como horas h\u00e1biles para la recepci\u00f3n de documentaci\u00f3n en la Oficial\u00eda de Partes, de las 9 de la ma\u00f1ana a las 3 de la tarde, y salvo casos de urgencia y de atenci\u00f3n preferente, el presidente de la Mesa Directiva o de la Junta de Coordinaci\u00f3n Pol\u00edtica podr\u00e1n habilitar d\u00edas y horas especiales para la recepci\u00f3n de documentaci\u00f3n.<\/p>\n<p style=\"text-align: justify;\"><strong>Comunicados <\/strong><\/p>\n<p style=\"text-align: justify;\">Al inicio de esta sesi\u00f3n se inform\u00f3 al Pleno sobre la designaci\u00f3n de los diputados Alfredo S\u00e1nchez Esquivel, H\u00e9ctor Apreza Patr\u00f3n y Raymundo Garc\u00eda Guti\u00e9rrez como coordinadores de los grupos parlamentarios de los partidos Morena, Revolucionario Institucional y de la Revoluci\u00f3n Democr\u00e1tica, respectivamente, y como representantes parlamentarios a Manuel Qui\u00f1\u00f3nez Cort\u00e9s, por el Partido Verde Ecologista de M\u00e9xico; Leticia Mosso Hern\u00e1ndez, del Partido del Trabajo, y Ana Lenis Res\u00e9ndiz Javier por el Partido Acci\u00f3n Nacional.<\/p>\n<p style=\"text-align: justify;\"><strong>Acuerdo<\/strong><\/p>\n<p style=\"text-align: justify;\">Asimismo, se turn\u00f3 a la Mesa Directiva un Acuerdo Parlamentario suscrito por los coordinadores de los grupos y representaciones para nombrar a los integrantes de la Junta de Coordinaci\u00f3n Pol\u00edtica de la LXIII Legislatura.<\/p>\n<p style=\"text-align: justify;\"><strong>\u00a0<\/strong><strong>Toma de protesta <\/strong><\/p>\n<p style=\"text-align: justify;\">En la misma sesi\u00f3n rindieron protesta Yoloczin Lizbeth Dom\u00ednguez Serna y Rafael Navarrete Quezada como integrantes de la LXIII Legislatura.<\/p>\n<p style=\"text-align: justify;\"><strong>Intervenciones<\/strong><\/p>\n<p style=\"text-align: justify;\">Al intervenir sobre la Entrega-Recepci\u00f3n de los ayuntamientos, la diputada Jessica Ivette Alejo Rayo (Morena) llam\u00f3 a los gobiernos municipales entrantes y salientes para que establezcan los mecanismos necesarios de comunicaci\u00f3n, con responsabilidad, respeto y apegados a la Ley, para que estos procesos de rendici\u00f3n de cuentas se realicen con absoluta transparencia y para beneficio de la sociedad guerrerense.<\/p>\n<p style=\"text-align: justify;\">Sobre el tema intervinieron los diputados Jos\u00e9 Efr\u00e9n L\u00f3pez Cort\u00e9s (Morena), Jes\u00fas Parra Garc\u00eda (PRI), Ociel Hugar Garc\u00eda Trujillo (PRD y Raymundo Garc\u00eda Guti\u00e9rrez (PRD).<\/p>\n<p style=\"text-align: justify;\">Por su parte, el diputado Masedonio Mendoza Basurto (Morena) particip\u00f3 en relaci\u00f3n con el tema \u201c500 A\u00f1os de Resistencia Ind\u00edgena en M\u00e9xico\u201d, haciendo referencia a que el pasado 25 de marzo de 2019 el presidente Andr\u00e9s Manuel L\u00f3pez Obrador solicit\u00f3 p\u00fablicamente al Rey Felipe VI de Espa\u00f1a y al Papa Francisco, que pidieran perd\u00f3n a los pueblos originarios de M\u00e9xico por los abusos cometidos durante la Conquista.<\/p>\n<p style=\"text-align: justify;\">Agreg\u00f3 que como representante de estos pueblos originarios seguir\u00e1 haciendo memoria p\u00fablica de que se les sigue debiendo muchas cosas, para lo cual seguir\u00e1n dando la lucha desde distintos \u00e1mbitos, entre ellos la pol\u00edtica.<\/p>\n<p style=\"text-align: justify;\">El relaci\u00f3n con el tema participaron las y los diputados Mar\u00eda Flores Maldonado (Morena), <a href=\"https:\/\/www.facebook.com\/Marben.DeLaCruz.S\/?__cft__%5b0%5d=AZUXssmlwNL9P5A-qnzs8o2kdsPa5gJuz92mcNeD25nt2p7VCSGP2T7AwbBRybXWjXXBbINn0l1ucspO0HTTPGUWDsz7cf4L-hyb7kh-La7472QX29PHZJ9X_oOCIDdeHPZDesw2rW6gZ7lBy1aJqggs&amp;__tn__=kK-R\">Marben de la Cruz Santiago<\/a> (Morena), <a href=\"https:\/\/www.facebook.com\/profile.php?id=100058213354831&amp;__cft__%5b0%5d=AZUXssmlwNL9P5A-qnzs8o2kdsPa5gJuz92mcNeD25nt2p7VCSGP2T7AwbBRybXWjXXBbINn0l1ucspO0HTTPGUWDsz7cf4L-hyb7kh-La7472QX29PHZJ9X_oOCIDdeHPZDesw2rW6gZ7lBy1aJqggs&amp;__tn__=-%5dK-R\">Ociel Hugar Garc\u00eda Trujillo<\/a> (PRD), Raymundo Garc\u00eda Guti\u00e9rrez (PRD), Beatriz Mojica Morga (Morena) y <a href=\"https:\/\/www.facebook.com\/AliciaZamoraVillalva\/?__cft__%5b0%5d=AZUXssmlwNL9P5A-qnzs8o2kdsPa5gJuz92mcNeD25nt2p7VCSGP2T7AwbBRybXWjXXBbINn0l1ucspO0HTTPGUWDsz7cf4L-hyb7kh-La7472QX29PHZJ9X_oOCIDdeHPZDesw2rW6gZ7lBy1aJqggs&amp;__tn__=kK-R\">Alicia Elizabeth Zamora Villalva<\/a> (PRI).<\/p>\n<p style=\"text-align: justify;\">En su oportunidad, el diputado <a href=\"https:\/\/www.facebook.com\/AntonioHelgueraJ\/?__cft__%5b0%5d=AZUlx319AW79xTp3Q6mm3DKP0MqnlQQYZ2BwIGKygTpMMLMZzl1NDw2lS5v5_meJWKFqaBsYCOwPb4Rlg_k6MTRNtTBI4UShJmBkKENCOcEk1J2CLgSqQ6YUGrYvKr5h1WFuT8wUZnjlfebQdeTnu4v0&amp;__tn__=kK-R\">Antonio Helguera Jim\u00e9nez<\/a> (Morena) particip\u00f3 en relaci\u00f3n con el inicio de la 63 Legislatura.<\/p>\n<p style=\"text-align: justify;\">Expuso que el devenir de la democracia participativa ha hecho posible que Guerrero est\u00e9 en una transici\u00f3n hist\u00f3rica del poder p\u00fablico, con la renovaci\u00f3n de dos de sus Poderes constitucionales -Ejecutivo y Legislativo-, lo cual dej\u00f3 patente que el pueblo en las urnas reafirma a la democracia como la v\u00eda para la gobernabilidad institucional y a la pol\u00edtica como el medio para construir consensos y acuerdos que fortalezcan el Estado de derecho.<\/p>\n<p style=\"text-align: justify;\">Indic\u00f3, asimismo, que las y los 46 diputados que integran la actual legislatura tienen la oportunidad de hacer a un lado sus diferencias partidistas para explorar una ruta que los cohesione y permita debatir con el deseo genuino de mejorar las condiciones de vida en Guerrero.<\/p>\n<p style=\"text-align: justify;\">Participaron en relaci\u00f3n con el tema las diputadas y diputados Beatriz Mojica Morga, Gloria Citlali Calixto Jim\u00e9nez, Joaqu\u00edn Badillo Escamilla y Jacinto Gonz\u00e1lez Varona, todos de Morena.<\/p>\n","protected":false},"excerpt":{"rendered":"<p>Chilpancingo, Gro., 07 de septiembre de 2021.- La LXII Legislatura al Congreso del Estado aprob\u00f3 un acuerdo parlamentario para establecer los d\u00edas y horas h\u00e1biles de la instituci\u00f3n. En el documento suscrito por la Mesa Directiva se se\u00f1ala que quedan establecidos como d\u00edas h\u00e1biles, para efecto de c\u00f3mputo de los plazos y t\u00e9rminos constitucionales y&#8230;<\/p>\n","protected":false},"author":1,"featured_media":181,"comment_status":"closed","ping_status":"open","sticky":false,"template":"","format":"standard","meta":{"_monsterinsights_skip_tracking":false,"_monsterinsights_sitenote_active":false,"_monsterinsights_sitenote_note":"","_monsterinsights_sitenote_category":0,"footnotes":""},"categories":[3],"tags":[],"class_list":["post-180","post","type-post","status-publish","format-standard","has-post-thumbnail","hentry","category-boletin"],"aioseo_notices":[],"_links":{"self":[{"href":"https:\/\/congresogro.gob.mx\/63\/inicio\/wp-json\/wp\/v2\/posts\/180","targetHints":{"allow":["GET"]}}],"collection":[{"href":"https:\/\/congresogro.gob.mx\/63\/inicio\/wp-json\/wp\/v2\/posts"}],"about":[{"href":"https:\/\/congresogro.gob.mx\/63\/inicio\/wp-json\/wp\/v2\/types\/post"}],"author":[{"embeddable":true,"href":"https:\/\/congresogro.gob.mx\/63\/inicio\/wp-json\/wp\/v2\/users\/1"}],"replies":[{"embeddable":true,"href":"https:\/\/congresogro.gob.mx\/63\/inicio\/wp-json\/wp\/v2\/comments?post=180"}],"version-history":[{"count":1,"href":"https:\/\/congresogro.gob.mx\/63\/inicio\/wp-json\/wp\/v2\/posts\/180\/revisions"}],"predecessor-version":[{"id":182,"href":"https:\/\/congresogro.gob.mx\/63\/inicio\/wp-json\/wp\/v2\/posts\/180\/revisions\/182"}],"wp:featuredmedia":[{"embeddable":true,"href":"https:\/\/congresogro.gob.mx\/63\/inicio\/wp-json\/wp\/v2\/media\/181"}],"wp:attachment":[{"href":"https:\/\/congresogro.gob.mx\/63\/inicio\/wp-json\/wp\/v2\/media?parent=180"}],"wp:term":[{"taxonomy":"category","embeddable":true,"href":"https:\/\/congresogro.gob.mx\/63\/inicio\/wp-json\/wp\/v2\/categories?post=180"},{"taxonomy":"post_tag","embeddable":true,"href":"https:\/\/congresogro.gob.mx\/63\/inicio\/wp-json\/wp\/v2\/tags?post=180"}],"curies":[{"name":"wp","href":"https:\/\/api.w.org\/{rel}","templated":true}]}}