{"id":1789,"date":"2022-01-16T09:26:34","date_gmt":"2022-01-16T15:26:34","guid":{"rendered":"https:\/\/congresogro.gob.mx\/63\/inicio\/?p=1789"},"modified":"2022-01-17T09:28:24","modified_gmt":"2022-01-17T15:28:24","slug":"asiste-presidente-de-la-junta-de-coordinacion-politica-al-informe-de-100-dias-de-la-presidenta-municipal-de-acapulco","status":"publish","type":"post","link":"https:\/\/congresogro.gob.mx\/63\/inicio\/2022\/01\/16\/asiste-presidente-de-la-junta-de-coordinacion-politica-al-informe-de-100-dias-de-la-presidenta-municipal-de-acapulco\/","title":{"rendered":"ASISTE PRESIDENTE DE LA JUNTA DE COORDINACI\u00d3N POL\u00cdTICA AL INFORME DE 100 D\u00cdAS DE LA PRESIDENTA MUNICIPAL DE ACAPULCO"},"content":{"rendered":"<p style=\"text-align: justify;\">El diputado Alfredo S\u00e1nchez Esquivel, presidente de la Junta de Coordinaci\u00f3n Pol\u00edtica del Congreso de Guerrero, asisti\u00f3 como representante del Poder Legislativo al informe de 100 d\u00edas de la presidenta municipal de Acapulco, Abelina L\u00f3pez Rodr\u00edguez. En el evento estuvo presente \u00a0la gobernadora del Estado, Evelyn Salgado Pineda, as\u00ed como diputadas y\u00a0diputados de diferentes grupos parlamentarios.<b><br \/>\n<\/b><\/p>\n","protected":false},"excerpt":{"rendered":"<p>El diputado Alfredo S\u00e1nchez Esquivel, presidente de la Junta de Coordinaci\u00f3n Pol\u00edtica del Congreso de Guerrero, asisti\u00f3 como representante del Poder Legislativo al informe de 100 d\u00edas de la presidenta municipal de Acapulco, Abelina L\u00f3pez Rodr\u00edguez. En el evento estuvo presente \u00a0la gobernadora del Estado, Evelyn Salgado Pineda, as\u00ed como diputadas y\u00a0diputados de diferentes grupos&#8230;<\/p>\n","protected":false},"author":1,"featured_media":1791,"comment_status":"closed","ping_status":"open","sticky":false,"template":"","format":"standard","meta":{"_monsterinsights_skip_tracking":false,"_monsterinsights_sitenote_active":false,"_monsterinsights_sitenote_note":"","_monsterinsights_sitenote_category":0,"footnotes":""},"categories":[4,3],"tags":[],"class_list":["post-1789","post","type-post","status-publish","format-standard","has-post-thumbnail","hentry","category-alfredo-sanchez-esquivel","category-boletin"],"aioseo_notices":[],"_links":{"self":[{"href":"https:\/\/congresogro.gob.mx\/63\/inicio\/wp-json\/wp\/v2\/posts\/1789","targetHints":{"allow":["GET"]}}],"collection":[{"href":"https:\/\/congresogro.gob.mx\/63\/inicio\/wp-json\/wp\/v2\/posts"}],"about":[{"href":"https:\/\/congresogro.gob.mx\/63\/inicio\/wp-json\/wp\/v2\/types\/post"}],"author":[{"embeddable":true,"href":"https:\/\/congresogro.gob.mx\/63\/inicio\/wp-json\/wp\/v2\/users\/1"}],"replies":[{"embeddable":true,"href":"https:\/\/congresogro.gob.mx\/63\/inicio\/wp-json\/wp\/v2\/comments?post=1789"}],"version-history":[{"count":1,"href":"https:\/\/congresogro.gob.mx\/63\/inicio\/wp-json\/wp\/v2\/posts\/1789\/revisions"}],"predecessor-version":[{"id":1792,"href":"https:\/\/congresogro.gob.mx\/63\/inicio\/wp-json\/wp\/v2\/posts\/1789\/revisions\/1792"}],"wp:featuredmedia":[{"embeddable":true,"href":"https:\/\/congresogro.gob.mx\/63\/inicio\/wp-json\/wp\/v2\/media\/1791"}],"wp:attachment":[{"href":"https:\/\/congresogro.gob.mx\/63\/inicio\/wp-json\/wp\/v2\/media?parent=1789"}],"wp:term":[{"taxonomy":"category","embeddable":true,"href":"https:\/\/congresogro.gob.mx\/63\/inicio\/wp-json\/wp\/v2\/categories?post=1789"},{"taxonomy":"post_tag","embeddable":true,"href":"https:\/\/congresogro.gob.mx\/63\/inicio\/wp-json\/wp\/v2\/tags?post=1789"}],"curies":[{"name":"wp","href":"https:\/\/api.w.org\/{rel}","templated":true}]}}