{"id":1785,"date":"2022-01-16T09:25:00","date_gmt":"2022-01-16T15:25:00","guid":{"rendered":"https:\/\/congresogro.gob.mx\/63\/inicio\/?p=1785"},"modified":"2022-01-17T09:25:59","modified_gmt":"2022-01-17T15:25:59","slug":"lxiii-legislatura-se-pronuncia-a-favor-de-una-reforma-electoral-que-otorgue-derechos-plenos-a-los-connacionales-residentes-en-el-extranjero","status":"publish","type":"post","link":"https:\/\/congresogro.gob.mx\/63\/inicio\/2022\/01\/16\/lxiii-legislatura-se-pronuncia-a-favor-de-una-reforma-electoral-que-otorgue-derechos-plenos-a-los-connacionales-residentes-en-el-extranjero\/","title":{"rendered":"LXIII LEGISLATURA SE PRONUNCIA A FAVOR DE UNA REFORMA ELECTORAL QUE OTORGUE DERECHOS PLENOS A LOS CONNACIONALES RESIDENTES EN EL EXTRANJERO"},"content":{"rendered":"<p style=\"text-align: justify;\"><strong>Chilpancingo, Gro 16 de enero del 2022. \u2013<\/strong> El Congreso de Guerrero aprob\u00f3 el dictamen por el que se adhiere y se pronuncia a favor del exhorto realizado por la Legislatura de Zacatecas al Congreso de la Uni\u00f3n, para vincular a las 31 Legislaturas a pronunciarse a favor de una reforma electoral que otorgue derechos plenos a los connacionales residentes en el extranjero.<\/p>\n<p style=\"text-align: justify;\">Al dar lectura al dictamen en su calidad de presidente de la Comisi\u00f3n de Atenci\u00f3n a Migrantes, el \u00a0diputado Osbaldo R\u00edos Manrique record\u00f3 que en mayo de 2021, el Senado de la Rep\u00fablica abri\u00f3 una convocatoria para los connacionales residentes en el extranjero, a fin de que estos presenten propuestas para una reforma electoral que permita otorgar representaci\u00f3n pol\u00edtica a \u00e9sta poblaci\u00f3n y dar el derecho de votar y ser votados.<\/p>\n<p style=\"text-align: justify;\">A\u00f1ade que, en respuesta a esta convocatoria, personas y grupos migrantes mexicanos que residen en los Estados unidos de Am\u00e9rica presentaron una serie de propuestas legislativas que permitan emitir el sufragio para la libre elecci\u00f3n de sus representantes populares en el Congreso de la Uni\u00f3n.<\/p>\n<p style=\"text-align: justify;\">El documento hace menci\u00f3n a que el pasado 22 de octubre de 2020, se present\u00f3 ante el Pleno de la C\u00e1mara de Diputados, una iniciativa de reforma a diversas disposiciones de la Constituci\u00f3n Pol\u00edtica de los Estados Unidos Mexicanos, la cual tiene por objetivo garantizar los derechos pol\u00edtico-electorales de los mexicanos residentes en el extranjero e instituir las diputaciones migrantes de la naci\u00f3n, a trav\u00e9s de una sexta circunscripci\u00f3n electoral.<\/p>\n<p style=\"text-align: justify;\">\u201cLa contribuci\u00f3n econ\u00f3mica de las y los mexicanos en el extranjero se ha convertido en la principal fuente de ingresos del pa\u00eds, pero resulta incongruente llamarlos h\u00e9roes y al mismo tiempo negarles una representaci\u00f3n pol\u00edtica\u201d, abund\u00f3 R\u00edos Manrique.<\/p>\n<p style=\"text-align: justify;\">En ese sentido, dijo que la poblaci\u00f3n migrante que sigue siendo mexicana y que como se ha se\u00f1alado, aporta mucho a su pa\u00eds, pero que ha estado relegada de la toma de decisiones en la vida p\u00fablica de M\u00e9xico.<\/p>\n<p style=\"text-align: justify;\">Por ello, expres\u00f3; \u201cresulta imprescindible darle voz y representaci\u00f3n en el Congreso de la Uni\u00f3n, donde podr\u00edan abordar temas coyunturales para atender el fen\u00f3meno migrante y con ello ayudar y atender las causas y efectos del fen\u00f3meno migratorio\u201d.<\/p>\n<p style=\"text-align: justify;\">La propuesta en menci\u00f3n solicita a la C\u00e1mara de Diputados del Congreso de la Uni\u00f3n, para que con respeto irrestricto a los derechos humanos, estudien analicen, discutan y en consecuencia dictaminen en su momento oportuno, la o las iniciativas de reforma a la Constituci\u00f3n Pol\u00edtica de los Estados Unidos Mexicanos, en materia de derechos pol\u00edtico-electorales de los mexicanos residentes en el extranjero que pretenden instituir las Diputaciones Migrantes de la Naci\u00f3n.<\/p>\n","protected":false},"excerpt":{"rendered":"<p>Chilpancingo, Gro 16 de enero del 2022. \u2013 El Congreso de Guerrero aprob\u00f3 el dictamen por el que se adhiere y se pronuncia a favor del exhorto realizado por la Legislatura de Zacatecas al Congreso de la Uni\u00f3n, para vincular a las 31 Legislaturas a pronunciarse a favor de una reforma electoral que otorgue derechos&#8230;<\/p>\n","protected":false},"author":1,"featured_media":1787,"comment_status":"closed","ping_status":"open","sticky":false,"template":"","format":"standard","meta":{"_monsterinsights_skip_tracking":false,"_monsterinsights_sitenote_active":false,"_monsterinsights_sitenote_note":"","_monsterinsights_sitenote_category":0,"footnotes":""},"categories":[3,33],"tags":[],"class_list":["post-1785","post","type-post","status-publish","format-standard","has-post-thumbnail","hentry","category-boletin","category-osbaldo-rios-manrique"],"aioseo_notices":[],"_links":{"self":[{"href":"https:\/\/congresogro.gob.mx\/63\/inicio\/wp-json\/wp\/v2\/posts\/1785","targetHints":{"allow":["GET"]}}],"collection":[{"href":"https:\/\/congresogro.gob.mx\/63\/inicio\/wp-json\/wp\/v2\/posts"}],"about":[{"href":"https:\/\/congresogro.gob.mx\/63\/inicio\/wp-json\/wp\/v2\/types\/post"}],"author":[{"embeddable":true,"href":"https:\/\/congresogro.gob.mx\/63\/inicio\/wp-json\/wp\/v2\/users\/1"}],"replies":[{"embeddable":true,"href":"https:\/\/congresogro.gob.mx\/63\/inicio\/wp-json\/wp\/v2\/comments?post=1785"}],"version-history":[{"count":1,"href":"https:\/\/congresogro.gob.mx\/63\/inicio\/wp-json\/wp\/v2\/posts\/1785\/revisions"}],"predecessor-version":[{"id":1788,"href":"https:\/\/congresogro.gob.mx\/63\/inicio\/wp-json\/wp\/v2\/posts\/1785\/revisions\/1788"}],"wp:featuredmedia":[{"embeddable":true,"href":"https:\/\/congresogro.gob.mx\/63\/inicio\/wp-json\/wp\/v2\/media\/1787"}],"wp:attachment":[{"href":"https:\/\/congresogro.gob.mx\/63\/inicio\/wp-json\/wp\/v2\/media?parent=1785"}],"wp:term":[{"taxonomy":"category","embeddable":true,"href":"https:\/\/congresogro.gob.mx\/63\/inicio\/wp-json\/wp\/v2\/categories?post=1785"},{"taxonomy":"post_tag","embeddable":true,"href":"https:\/\/congresogro.gob.mx\/63\/inicio\/wp-json\/wp\/v2\/tags?post=1785"}],"curies":[{"name":"wp","href":"https:\/\/api.w.org\/{rel}","templated":true}]}}