{"id":1781,"date":"2022-01-16T09:22:56","date_gmt":"2022-01-16T15:22:56","guid":{"rendered":"https:\/\/congresogro.gob.mx\/63\/inicio\/?p=1781"},"modified":"2022-01-17T09:24:34","modified_gmt":"2022-01-17T15:24:34","slug":"presentan-reforma-para-que-conflictos-laborales-del-poder-judicial-se-resuelvan-en-instancia-independiente","status":"publish","type":"post","link":"https:\/\/congresogro.gob.mx\/63\/inicio\/2022\/01\/16\/presentan-reforma-para-que-conflictos-laborales-del-poder-judicial-se-resuelvan-en-instancia-independiente\/","title":{"rendered":"PRESENTAN REFORMA PARA QUE CONFLICTOS LABORALES DEL PODER JUDICIAL SE RESUELVAN EN INSTANCIA INDEPENDIENTE"},"content":{"rendered":"<p style=\"text-align: justify;\"><strong>Chilpancingo, Gro 16 de enero del 2022. \u2013<\/strong> El diputado Carlos Cruz L\u00f3pez present\u00f3 una reforma a la Ley de Trabajo de los Servidores P\u00fablicos al Servicio del Estado, para que los conflictos laborales que surjan entre el Poder Judicial y sus trabajadores, se ventilen ante una instancia independiente y especializada en materia laboral, como el Tribunal de Conciliaci\u00f3n y Arbitraje del Estado.<\/p>\n<p style=\"text-align: justify;\">En su exposici\u00f3n de motivos, el legislador explic\u00f3 que, el derecho a ser juzgado por tribunales de justicia ordinarios con arreglo a procedimientos legalmente previstos, constituye un principio b\u00e1sico del debido proceso donde deben observarse formalidades esenciales en cualquier procedimiento legal, para asegurar o defender los derechos y libertades de toda persona acusada de cometer un delito.<\/p>\n<p style=\"text-align: justify;\">Dijo que, ante el evidente trato injusto del que se tornan los numerales que se se\u00f1alan en la ley citada, es conveniente y como acto de justicia social, que los conflictos laborales que surjan entre el Poder Judicial y sus trabajadores, sean ventilados ante una instancia independiente y especializada en materia laboral, como es el aludido Tribunal de Conciliaci\u00f3n y Arbitraje del Estado.<\/p>\n<p style=\"text-align: justify;\">A\u00f1ade que en algunos estados de la republica ya regulan los conflictos de car\u00e1cter laboral entre el poder judicial con sus trabajadores siendo los Tribunales de Conciliaci\u00f3n y Arbitraje quienes conocen estos asuntos y los dirimen acorde al mandato general.<\/p>\n<p style=\"text-align: justify;\">Por tal motivo, Cruz L\u00f3pez propone reformar las fracciones\u00a0 I y II del art\u00edculo 113, de la Ley de Trabajo de los Servidores P\u00fablicos al Servicio del Estado;\u00a0 y que la propuesta incluye como competencia del Tribunal de Conciliaci\u00f3n y Arbitraje en ambas fracciones conocer y resolver los conflictos individuales y colectivos de los trabajadores de base, como supernumerarios del Poder Judicial.<\/p>\n<p style=\"text-align: justify;\">La iniciativa fue turnada a la Comisi\u00f3n de Justicia para su respectivo an\u00e1lisis y dictaminar\u00edan.<\/p>\n","protected":false},"excerpt":{"rendered":"<p>Chilpancingo, Gro 16 de enero del 2022. \u2013 El diputado Carlos Cruz L\u00f3pez present\u00f3 una reforma a la Ley de Trabajo de los Servidores P\u00fablicos al Servicio del Estado, para que los conflictos laborales que surjan entre el Poder Judicial y sus trabajadores, se ventilen ante una instancia independiente y especializada en materia laboral, como&#8230;<\/p>\n","protected":false},"author":1,"featured_media":1783,"comment_status":"closed","ping_status":"open","sticky":false,"template":"","format":"standard","meta":{"_monsterinsights_skip_tracking":false,"_monsterinsights_sitenote_active":false,"_monsterinsights_sitenote_note":"","_monsterinsights_sitenote_category":0,"footnotes":""},"categories":[3,26],"tags":[],"class_list":["post-1781","post","type-post","status-publish","format-standard","has-post-thumbnail","hentry","category-boletin","category-carlos-cruz-lopez"],"aioseo_notices":[],"_links":{"self":[{"href":"https:\/\/congresogro.gob.mx\/63\/inicio\/wp-json\/wp\/v2\/posts\/1781","targetHints":{"allow":["GET"]}}],"collection":[{"href":"https:\/\/congresogro.gob.mx\/63\/inicio\/wp-json\/wp\/v2\/posts"}],"about":[{"href":"https:\/\/congresogro.gob.mx\/63\/inicio\/wp-json\/wp\/v2\/types\/post"}],"author":[{"embeddable":true,"href":"https:\/\/congresogro.gob.mx\/63\/inicio\/wp-json\/wp\/v2\/users\/1"}],"replies":[{"embeddable":true,"href":"https:\/\/congresogro.gob.mx\/63\/inicio\/wp-json\/wp\/v2\/comments?post=1781"}],"version-history":[{"count":1,"href":"https:\/\/congresogro.gob.mx\/63\/inicio\/wp-json\/wp\/v2\/posts\/1781\/revisions"}],"predecessor-version":[{"id":1784,"href":"https:\/\/congresogro.gob.mx\/63\/inicio\/wp-json\/wp\/v2\/posts\/1781\/revisions\/1784"}],"wp:featuredmedia":[{"embeddable":true,"href":"https:\/\/congresogro.gob.mx\/63\/inicio\/wp-json\/wp\/v2\/media\/1783"}],"wp:attachment":[{"href":"https:\/\/congresogro.gob.mx\/63\/inicio\/wp-json\/wp\/v2\/media?parent=1781"}],"wp:term":[{"taxonomy":"category","embeddable":true,"href":"https:\/\/congresogro.gob.mx\/63\/inicio\/wp-json\/wp\/v2\/categories?post=1781"},{"taxonomy":"post_tag","embeddable":true,"href":"https:\/\/congresogro.gob.mx\/63\/inicio\/wp-json\/wp\/v2\/tags?post=1781"}],"curies":[{"name":"wp","href":"https:\/\/api.w.org\/{rel}","templated":true}]}}