{"id":1773,"date":"2022-01-14T09:19:26","date_gmt":"2022-01-14T15:19:26","guid":{"rendered":"https:\/\/congresogro.gob.mx\/63\/inicio\/?p=1773"},"modified":"2022-01-17T09:20:45","modified_gmt":"2022-01-17T15:20:45","slug":"en-el-congreso-rinden-protesta-las-y-los-diputados-que-integran-la-comision-permanente-del-primer-periodo-de-receso","status":"publish","type":"post","link":"https:\/\/congresogro.gob.mx\/63\/inicio\/2022\/01\/14\/en-el-congreso-rinden-protesta-las-y-los-diputados-que-integran-la-comision-permanente-del-primer-periodo-de-receso\/","title":{"rendered":"EN EL CONGRESO RINDEN PROTESTA LAS Y LOS DIPUTADOS QUE INTEGRAN LA COMISI\u00d3N PERMANENTE DEL PRIMER PERIODO DE RECESO"},"content":{"rendered":"<p style=\"text-align: justify;\"><strong>Chilpancingo,<\/strong><strong> Gro., 14 de enero de 2022<\/strong>.- La LXIII Legislatura eligi\u00f3 a las y los diputados que integrar\u00e1n la Comisi\u00f3n Permanente durante el Primer Periodo de Receso del Primer A\u00f1o de Ejercicio Constitucional, que inicia este 15 de enero.<\/p>\n<p style=\"text-align: justify;\">La diputada Ana Lenis Res\u00e9ndiz Javier fue quien propuso la planilla para conformar dicha Comisi\u00f3n que estar\u00e1 integrada por las y los diputados Flor A\u00f1orve Ocampo, como presidenta; Gloria Citlali Calixto Jim\u00e9nez, Primera Vicepresidenta;\u00a0 Susana Paola Ju\u00e1rez G\u00f3mez, Segunda Vicepresidenta; Joaqu\u00edn Badillo Escamilla y Esteban Albarr\u00e1n Mendoza, secretarios propietarios y suplentes, Mar\u00eda Flores Maldonado y Patricia Doroteo Calder\u00f3n.<\/p>\n<p style=\"text-align: justify;\">Los vocales propietarios ser\u00e1n las y los diputados Jacinto Gonz\u00e1lez Varona, Julieta Fern\u00e1ndez M\u00e1rquez, Jessica Ivette Alejo Rayo, Rafael Navarrete Quezada, Antonio Helguera Jim\u00e9nez, Carlos Reyes Torres y Leticia Castro Ortiz.<\/p>\n<p style=\"text-align: justify;\">Como vocales suplentes, las y los diputados Osbaldo R\u00edos Manrique, Ana Lenis Res\u00e9ndiz Javier, Ang\u00e9lica Espinoza Garc\u00eda, Alicia Elizabeth Zamora Villalva, Andr\u00e9s Guevara C\u00e1rdenas, Elzy Camacho Pineda y Beatriz Mojica Morga.<\/p>\n<p style=\"text-align: justify;\"><strong>Informe<\/strong><\/p>\n<p style=\"text-align: justify;\">En una segunda sesi\u00f3n la diputada Flor A\u00f1orve Ocampo, en su calidad de presidenta de la Mesa Directiva, rindi\u00f3 el informe de los trabajos legislativos del Primer Periodo de Sesiones Ordinarias, correspondientes al Primer A\u00f1o de Ejercicio de la LXIII Legislatura.<\/p>\n<p style=\"text-align: justify;\">Tambi\u00e9n las y los legisladores aprobaron el dictamen por el que el Congreso del Estado \u00a0se adhiere y se pronuncia a favor del exhorto realizado por la Legislatura de Zacatecas al Congreso de la Uni\u00f3n, para vincular a las 31 Legislaturas a pronunciarse a favor de una reforma electoral que otorgue derechos plenos a los connacionales residentes en el extranjero.<\/p>\n<p style=\"text-align: justify;\">Adem\u00e1s, se clausur\u00f3 el Primer Periodo de Sesiones Ordinarias, correspondientes al Primer A\u00f1o de Ejercicio de la LXIII Legislatura.<\/p>\n","protected":false},"excerpt":{"rendered":"<p>Chilpancingo, Gro., 14 de enero de 2022.- La LXIII Legislatura eligi\u00f3 a las y los diputados que integrar\u00e1n la Comisi\u00f3n Permanente durante el Primer Periodo de Receso del Primer A\u00f1o de Ejercicio Constitucional, que inicia este 15 de enero. La diputada Ana Lenis Res\u00e9ndiz Javier fue quien propuso la planilla para conformar dicha Comisi\u00f3n que&#8230;<\/p>\n","protected":false},"author":1,"featured_media":1775,"comment_status":"closed","ping_status":"open","sticky":false,"template":"","format":"standard","meta":{"_monsterinsights_skip_tracking":false,"_monsterinsights_sitenote_active":false,"_monsterinsights_sitenote_note":"","_monsterinsights_sitenote_category":0,"footnotes":""},"categories":[45,3],"tags":[],"class_list":["post-1773","post","type-post","status-publish","format-standard","has-post-thumbnail","hentry","category-ana-lenis-resendiz-javier","category-boletin"],"aioseo_notices":[],"_links":{"self":[{"href":"https:\/\/congresogro.gob.mx\/63\/inicio\/wp-json\/wp\/v2\/posts\/1773","targetHints":{"allow":["GET"]}}],"collection":[{"href":"https:\/\/congresogro.gob.mx\/63\/inicio\/wp-json\/wp\/v2\/posts"}],"about":[{"href":"https:\/\/congresogro.gob.mx\/63\/inicio\/wp-json\/wp\/v2\/types\/post"}],"author":[{"embeddable":true,"href":"https:\/\/congresogro.gob.mx\/63\/inicio\/wp-json\/wp\/v2\/users\/1"}],"replies":[{"embeddable":true,"href":"https:\/\/congresogro.gob.mx\/63\/inicio\/wp-json\/wp\/v2\/comments?post=1773"}],"version-history":[{"count":1,"href":"https:\/\/congresogro.gob.mx\/63\/inicio\/wp-json\/wp\/v2\/posts\/1773\/revisions"}],"predecessor-version":[{"id":1776,"href":"https:\/\/congresogro.gob.mx\/63\/inicio\/wp-json\/wp\/v2\/posts\/1773\/revisions\/1776"}],"wp:featuredmedia":[{"embeddable":true,"href":"https:\/\/congresogro.gob.mx\/63\/inicio\/wp-json\/wp\/v2\/media\/1775"}],"wp:attachment":[{"href":"https:\/\/congresogro.gob.mx\/63\/inicio\/wp-json\/wp\/v2\/media?parent=1773"}],"wp:term":[{"taxonomy":"category","embeddable":true,"href":"https:\/\/congresogro.gob.mx\/63\/inicio\/wp-json\/wp\/v2\/categories?post=1773"},{"taxonomy":"post_tag","embeddable":true,"href":"https:\/\/congresogro.gob.mx\/63\/inicio\/wp-json\/wp\/v2\/tags?post=1773"}],"curies":[{"name":"wp","href":"https:\/\/api.w.org\/{rel}","templated":true}]}}