{"id":1761,"date":"2022-01-14T09:15:09","date_gmt":"2022-01-14T15:15:09","guid":{"rendered":"https:\/\/congresogro.gob.mx\/63\/inicio\/?p=1761"},"modified":"2022-01-17T09:16:49","modified_gmt":"2022-01-17T15:16:49","slug":"ley-de-amnistia-para-el-estado-de-guerrero-propone-leticia-castro","status":"publish","type":"post","link":"https:\/\/congresogro.gob.mx\/63\/inicio\/2022\/01\/14\/ley-de-amnistia-para-el-estado-de-guerrero-propone-leticia-castro\/","title":{"rendered":"LEY DE AMNIST\u00cdA PARA EL ESTADO DE GUERRERO, PROPONE LETICIA CASTRO"},"content":{"rendered":"<p style=\"text-align: justify;\"><strong>Chilpancingo, Gro., a 14 de enero 2022<\/strong>.- La diputada Leticia Castro Ortiz present\u00f3 una iniciativa de Ley de Amnist\u00eda para el Estado de Guerrero, a efecto de establecer las bases para decretar amnist\u00eda en favor de personas que est\u00e9n vinculadas a proceso o se les haya dictado sentencia firme ante los tribunales del orden com\u00fan.<\/p>\n<p style=\"text-align: justify;\">Al exponer el sentido de la iniciativa la legisladora local extern\u00f3 que pese a las mejoras en el sistema de justicia penal en M\u00e9xico, a\u00fan hay una gran cantidad de v\u00edctimas que les son violentados sus derechos humanos al no realizarse el debido proceso que est\u00e1n enfrentando por cometer alg\u00fan delito y que se suscita principalmente \u00a0en personas que se encuentran en situaci\u00f3n de vulnerabilidad, particularmente en situaci\u00f3n de pobreza y discriminaci\u00f3n.<\/p>\n<p style=\"text-align: justify;\">Ante esta situaci\u00f3n, la diputada por Morena dijo que la Ley de Amnist\u00eda en la entidad ayudar\u00e1 a aquellos n\u00facleos de poblaci\u00f3n y de personas, que por diversas causas enfrentan situaciones vinculadas a proceso y que ante las desventajas que enfrentan requieren de toda la atenci\u00f3n del estado para lograr una mejor calidad de vida.<\/p>\n<p style=\"text-align: justify;\">Por ello, extern\u00f3 que de aprobarse dicha Ley podr\u00e1 ser aplicada por los Poderes, Legislativo; Ejecutivo y el Judicial; y por la Fiscal\u00eda General de Justicia del Estado y se decretar\u00e1 amnist\u00eda en los siguientes supuestos: Por delito de aborto, en cualquiera de sus modalidades, previsto en el C\u00f3digo Penal; por delitos contra la salud de los cuales conozcan los tribunales del Estado de Guerrero, en t\u00e9rminos de la Ley General de Salud; por delitos imputados a personas campesinas o pertenecientes a los pueblos originarios, comunidades ind\u00edgenas o Afromexicanas; por el delito de robo, en diferentes modalidades; cuando \u00e9l o la acusada \u00a0pague el monto de la reparaci\u00f3n del da\u00f1o.<\/p>\n<p style=\"text-align: justify;\">Que la persona no se encuentre sujeta a otra investigaci\u00f3n o proceso pendiente por causa distinta ni tener sentencia ejecutoriada que cumplir en reclusi\u00f3n del fuero com\u00fan o federal; que el sujeto activo no sea servidor p\u00fablico; a las mujeres acusadas o sentenciadas por exceso de leg\u00edtima defensa en la protecci\u00f3n de su vida e integridad, o al de sus descendientes y personas mayores de sesenta y cinco a\u00f1os de edad; por delitos contra el ambiente previstos en el C\u00f3digo Penal y se realice la previa reparaci\u00f3n del da\u00f1o causado al ambiente; por delito de abigeato en cualquiera de los supuestos establecidos en el C\u00f3digo Penal entre otros.<\/p>\n<p style=\"text-align: justify;\">En la Ley de Amnist\u00eda para el Estado contempla que el Consejo de la Judicatura del Poder Judicial del Estado estar\u00e1 facultado para emitir acuerdos generales a efecto de normar el procedimiento, fijando plazos para sustanciar las solicitudes de amnist\u00eda ajust\u00e1ndose en la presente ley para su cabal cumplimiento y la persona interesada o su defensa, podr\u00e1 solicitar al Juez competente, la aplicaci\u00f3n de la amnist\u00eda respecto de los delitos establecidos en dicho ordenamiento jur\u00eddico.<\/p>\n<p style=\"text-align: justify;\">La iniciativa de Ley fue turnada a la Comisi\u00f3n de Justicia para su respectivo an\u00e1lisis y dictaminaci\u00f3n.<\/p>\n","protected":false},"excerpt":{"rendered":"<p>Chilpancingo, Gro., a 14 de enero 2022.- La diputada Leticia Castro Ortiz present\u00f3 una iniciativa de Ley de Amnist\u00eda para el Estado de Guerrero, a efecto de establecer las bases para decretar amnist\u00eda en favor de personas que est\u00e9n vinculadas a proceso o se les haya dictado sentencia firme ante los tribunales del orden com\u00fan&#8230;.<\/p>\n","protected":false},"author":1,"featured_media":1763,"comment_status":"closed","ping_status":"open","sticky":false,"template":"","format":"standard","meta":{"_monsterinsights_skip_tracking":false,"_monsterinsights_sitenote_active":false,"_monsterinsights_sitenote_note":"","_monsterinsights_sitenote_category":0,"footnotes":""},"categories":[3,11],"tags":[],"class_list":["post-1761","post","type-post","status-publish","format-standard","has-post-thumbnail","hentry","category-boletin","category-leticia-castro-ortiz"],"aioseo_notices":[],"_links":{"self":[{"href":"https:\/\/congresogro.gob.mx\/63\/inicio\/wp-json\/wp\/v2\/posts\/1761","targetHints":{"allow":["GET"]}}],"collection":[{"href":"https:\/\/congresogro.gob.mx\/63\/inicio\/wp-json\/wp\/v2\/posts"}],"about":[{"href":"https:\/\/congresogro.gob.mx\/63\/inicio\/wp-json\/wp\/v2\/types\/post"}],"author":[{"embeddable":true,"href":"https:\/\/congresogro.gob.mx\/63\/inicio\/wp-json\/wp\/v2\/users\/1"}],"replies":[{"embeddable":true,"href":"https:\/\/congresogro.gob.mx\/63\/inicio\/wp-json\/wp\/v2\/comments?post=1761"}],"version-history":[{"count":1,"href":"https:\/\/congresogro.gob.mx\/63\/inicio\/wp-json\/wp\/v2\/posts\/1761\/revisions"}],"predecessor-version":[{"id":1764,"href":"https:\/\/congresogro.gob.mx\/63\/inicio\/wp-json\/wp\/v2\/posts\/1761\/revisions\/1764"}],"wp:featuredmedia":[{"embeddable":true,"href":"https:\/\/congresogro.gob.mx\/63\/inicio\/wp-json\/wp\/v2\/media\/1763"}],"wp:attachment":[{"href":"https:\/\/congresogro.gob.mx\/63\/inicio\/wp-json\/wp\/v2\/media?parent=1761"}],"wp:term":[{"taxonomy":"category","embeddable":true,"href":"https:\/\/congresogro.gob.mx\/63\/inicio\/wp-json\/wp\/v2\/categories?post=1761"},{"taxonomy":"post_tag","embeddable":true,"href":"https:\/\/congresogro.gob.mx\/63\/inicio\/wp-json\/wp\/v2\/tags?post=1761"}],"curies":[{"name":"wp","href":"https:\/\/api.w.org\/{rel}","templated":true}]}}