{"id":1743,"date":"2022-01-13T11:41:43","date_gmt":"2022-01-13T17:41:43","guid":{"rendered":"https:\/\/congresogro.gob.mx\/63\/inicio\/?p=1743"},"modified":"2022-01-14T11:43:15","modified_gmt":"2022-01-14T17:43:15","slug":"exhorta-congreso-a-ayuntamientos-implementen-medidas-para-prevenir-contagios-por-omicron","status":"publish","type":"post","link":"https:\/\/congresogro.gob.mx\/63\/inicio\/2022\/01\/13\/exhorta-congreso-a-ayuntamientos-implementen-medidas-para-prevenir-contagios-por-omicron\/","title":{"rendered":"EXHORTA CONGRESO A AYUNTAMIENTOS IMPLEMENTEN MEDIDAS PARA PREVENIR CONTAGIOS POR \u00d3MICRON"},"content":{"rendered":"<p style=\"text-align: justify;\"><strong>Chilpancingo, Gro., 13 de enero de 2022<\/strong>.- El congreso del Estado exhort\u00f3 a los poderes de la entidad, a los 80 municipios y al Concejo Municipal Comunitario de Ayutla de los Libres, para que realicen las acciones necesarias e inmediatas para prevenir y contener los contagios de la variante de Coronavirus \u00d3micron, as\u00ed como cumplir con los lineamientos que establezca el personal de salud.<\/p>\n<p style=\"text-align: justify;\">En un Acuerdo parlamentario, propuesto por la Comisi\u00f3n de Salud, y le\u00eddo por la diputada Jessica Alejo Rayo, se destaca que el Covid-19 se ha propagado en 236 pa\u00edses ocasionando la muerte de al menos cinco millones de personas y m\u00e1s de 307 millones de personas contagiadas al mes de enero de este a\u00f1o.<\/p>\n<p style=\"text-align: justify;\">Manifest\u00f3 que en el pa\u00eds suman 4.1 millones de contagios confirmados y m\u00e1s de 300 mil muertes, a pesar de que se lleva un avance de vacunaci\u00f3n del 63 por ciento, esta pandemia es considerada una de las m\u00e1s devastadoras de los \u00faltimos 100 a\u00f1os ya que recientemente se han encontrado varias variantes como la \u00d3micron.<\/p>\n<p style=\"text-align: justify;\">Dijo que en M\u00e9xico se han reportado 652 casos de esta variante y que avanza de manera acelerada, ubic\u00e1ndose ya en varias entidades del pa\u00eds como Ciudad de M\u00e9xico, Estado de M\u00e9xico, Veracruz, Tabasco, Guerrero, Chiapas, Yucat\u00e1n, Tamaulipas, Jalisco, Durango, Sonora, entre otras.<\/p>\n<p style=\"text-align: justify;\">Por ello, el pasado viernes 7 de enero el Consejo Estatal de Salud en el Estado, acord\u00f3 acciones a implementar por la presencia de esta nueva variante, entre las que se encuentran modificar los porcentajes de ocupaci\u00f3n, aforos y horarios de actividades esenciales y no esenciales, para continuar avanzando en la recuperaci\u00f3n econ\u00f3mica y social, fortalecer la apertura de comercios y negocios privilegiando la salud y bienestar de la poblaci\u00f3n.<\/p>\n<p style=\"text-align: justify;\">En ese sentido, consideraron necesario exhortar a los ayuntamientos para que implementen las acciones necesarias de manera inmediata para prevenir y contener los contagios de la variante de Coronavirus \u00d3micron, entre la poblaci\u00f3n guerrerense.<\/p>\n<p style=\"text-align: justify;\">De igual manera plantearon importante no minimizar los riesgos de los casos de contagio por la variante \u00d3micron, presentados en la entidad, y se impulsen acciones necesarias que permitan completar y\/o aplicar el n\u00famero de dosis de vacunas contra el Covid-19 en Guerrero.<\/p>\n<p style=\"text-align: justify;\">\n<p style=\"text-align: justify;\"><strong>Iniciativas <\/strong><\/p>\n<p style=\"text-align: justify;\">A la Comisi\u00f3n de Participaci\u00f3n Ciudadana se turn\u00f3 la iniciativa de reforma al art\u00edculo segundo transitorio de la Ley de Participaci\u00f3n Ciudadana, presentada por la Junta de Coordinaci\u00f3n Pol\u00edtica, para establecer que la primera elecci\u00f3n de Comit\u00e9s Ciudadanos se realice el a\u00f1o pr\u00f3ximo siguiente a la culminaci\u00f3n del proceso electoral local ordinario 2023-2024, aplic\u00e1ndose en lo conducente los plazos y procedimientos a que se refiere la Ley.<\/p>\n","protected":false},"excerpt":{"rendered":"<p>Chilpancingo, Gro., 13 de enero de 2022.- El congreso del Estado exhort\u00f3 a los poderes de la entidad, a los 80 municipios y al Concejo Municipal Comunitario de Ayutla de los Libres, para que realicen las acciones necesarias e inmediatas para prevenir y contener los contagios de la variante de Coronavirus \u00d3micron, as\u00ed como cumplir&#8230;<\/p>\n","protected":false},"author":1,"featured_media":1745,"comment_status":"closed","ping_status":"open","sticky":false,"template":"","format":"standard","meta":{"_monsterinsights_skip_tracking":false,"_monsterinsights_sitenote_active":false,"_monsterinsights_sitenote_note":"","_monsterinsights_sitenote_category":0,"footnotes":""},"categories":[3,10],"tags":[],"class_list":["post-1743","post","type-post","status-publish","format-standard","has-post-thumbnail","hentry","category-boletin","category-jessica-ivette-alejo-rayo"],"aioseo_notices":[],"_links":{"self":[{"href":"https:\/\/congresogro.gob.mx\/63\/inicio\/wp-json\/wp\/v2\/posts\/1743","targetHints":{"allow":["GET"]}}],"collection":[{"href":"https:\/\/congresogro.gob.mx\/63\/inicio\/wp-json\/wp\/v2\/posts"}],"about":[{"href":"https:\/\/congresogro.gob.mx\/63\/inicio\/wp-json\/wp\/v2\/types\/post"}],"author":[{"embeddable":true,"href":"https:\/\/congresogro.gob.mx\/63\/inicio\/wp-json\/wp\/v2\/users\/1"}],"replies":[{"embeddable":true,"href":"https:\/\/congresogro.gob.mx\/63\/inicio\/wp-json\/wp\/v2\/comments?post=1743"}],"version-history":[{"count":1,"href":"https:\/\/congresogro.gob.mx\/63\/inicio\/wp-json\/wp\/v2\/posts\/1743\/revisions"}],"predecessor-version":[{"id":1746,"href":"https:\/\/congresogro.gob.mx\/63\/inicio\/wp-json\/wp\/v2\/posts\/1743\/revisions\/1746"}],"wp:featuredmedia":[{"embeddable":true,"href":"https:\/\/congresogro.gob.mx\/63\/inicio\/wp-json\/wp\/v2\/media\/1745"}],"wp:attachment":[{"href":"https:\/\/congresogro.gob.mx\/63\/inicio\/wp-json\/wp\/v2\/media?parent=1743"}],"wp:term":[{"taxonomy":"category","embeddable":true,"href":"https:\/\/congresogro.gob.mx\/63\/inicio\/wp-json\/wp\/v2\/categories?post=1743"},{"taxonomy":"post_tag","embeddable":true,"href":"https:\/\/congresogro.gob.mx\/63\/inicio\/wp-json\/wp\/v2\/tags?post=1743"}],"curies":[{"name":"wp","href":"https:\/\/api.w.org\/{rel}","templated":true}]}}