{"id":1716,"date":"2022-01-11T12:21:19","date_gmt":"2022-01-11T18:21:19","guid":{"rendered":"https:\/\/congresogro.gob.mx\/63\/inicio\/?p=1716"},"modified":"2022-01-12T12:22:54","modified_gmt":"2022-01-12T18:22:54","slug":"presupuesto-de-egresos-permitira-mayor-apoyo-a-las-comunidades-de-la-montana-jennifer-garcia-lucena","status":"publish","type":"post","link":"https:\/\/congresogro.gob.mx\/63\/inicio\/2022\/01\/11\/presupuesto-de-egresos-permitira-mayor-apoyo-a-las-comunidades-de-la-montana-jennifer-garcia-lucena\/","title":{"rendered":"PRESUPUESTO DE EGRESOS PERMITIRA MAYOR APOYO A LAS COMUNIDADES DE LA MONTA\u00d1A: JENNIFER GARCIA LUCENA"},"content":{"rendered":"<p style=\"text-align: justify;\"><strong>Chilpancingo, Gro 11 de enero del 2022. \u2013<\/strong> La diputada Jennifer Garc\u00eda Lucena inform\u00f3 que con la aprobaci\u00f3n del Presupuesto de Egresos para el ejercicio fiscal 2022, se aplicar\u00e1n\u00a0 recursos\u00a0 que beneficiar\u00e1n a\u00a0 localidades que conforman el Distrito 26 de la regi\u00f3n de la Monta\u00f1a de Guerrero , en materia de infraestructura, educaci\u00f3n, deporte y desarrollo social.<\/p>\n<p style=\"text-align: justify;\">En entrevista, la tambi\u00e9n presidenta de la Comisi\u00f3n de Cultura detall\u00f3 que en los municipios que integran dicho distrito se buscar\u00e1 mejorar los espacios deportivos, rehabilitar las carreteras que conectan con las diferentes comunidades rurales, reforzar los sistemas de agua potable y la pavimentaci\u00f3n de calles.<\/p>\n<p style=\"text-align: justify;\">En cuanto a materia educativa, dijo que se realizar\u00e1n mejoras en la infraestructura y equipamiento a los planteles educativos de los municipios de Metlat\u00f3noc y Acatepec, as\u00ed como la construcci\u00f3n de canchas y centros recreativos para fomentar el deporte en los ni\u00f1os y j\u00f3venes.<\/p>\n<p style=\"text-align: justify;\">Manifest\u00f3 que son muchas las necesidades que tiene el estado de Guerrero, y con el atraso que existe se\u00a0 complica la redistribuci\u00f3n de los recursos p\u00fablicos y atender las\u00a0\u00a0 demandas m\u00e1s prioritarias de las personas.<\/p>\n<p style=\"text-align: justify;\">\n<p style=\"text-align: justify;\">Por \u00faltimo, Jennifer Garc\u00eda advirti\u00f3 que el a\u00f1o 2022 ser\u00e1 muy dif\u00edcil a consecuencia de la cuarta ola de Covid-19 que podr\u00eda volver a detener la econom\u00eda tanto a nivel local y mundial, por lo que hizo un llamado a la poblaci\u00f3n en general a estar atentos a la informaci\u00f3n de las autoridades y seguir con las recomendaciones sanitarias existentes.<\/p>\n","protected":false},"excerpt":{"rendered":"<p>Chilpancingo, Gro 11 de enero del 2022. \u2013 La diputada Jennifer Garc\u00eda Lucena inform\u00f3 que con la aprobaci\u00f3n del Presupuesto de Egresos para el ejercicio fiscal 2022, se aplicar\u00e1n\u00a0 recursos\u00a0 que beneficiar\u00e1n a\u00a0 localidades que conforman el Distrito 26 de la regi\u00f3n de la Monta\u00f1a de Guerrero , en materia de infraestructura, educaci\u00f3n, deporte y&#8230;<\/p>\n","protected":false},"author":1,"featured_media":1718,"comment_status":"closed","ping_status":"open","sticky":false,"template":"","format":"standard","meta":{"_monsterinsights_skip_tracking":false,"_monsterinsights_sitenote_active":false,"_monsterinsights_sitenote_note":"","_monsterinsights_sitenote_category":0,"footnotes":""},"categories":[3,35],"tags":[],"class_list":["post-1716","post","type-post","status-publish","format-standard","has-post-thumbnail","hentry","category-boletin","category-jennyfer-garcia-lucena"],"aioseo_notices":[],"_links":{"self":[{"href":"https:\/\/congresogro.gob.mx\/63\/inicio\/wp-json\/wp\/v2\/posts\/1716","targetHints":{"allow":["GET"]}}],"collection":[{"href":"https:\/\/congresogro.gob.mx\/63\/inicio\/wp-json\/wp\/v2\/posts"}],"about":[{"href":"https:\/\/congresogro.gob.mx\/63\/inicio\/wp-json\/wp\/v2\/types\/post"}],"author":[{"embeddable":true,"href":"https:\/\/congresogro.gob.mx\/63\/inicio\/wp-json\/wp\/v2\/users\/1"}],"replies":[{"embeddable":true,"href":"https:\/\/congresogro.gob.mx\/63\/inicio\/wp-json\/wp\/v2\/comments?post=1716"}],"version-history":[{"count":1,"href":"https:\/\/congresogro.gob.mx\/63\/inicio\/wp-json\/wp\/v2\/posts\/1716\/revisions"}],"predecessor-version":[{"id":1719,"href":"https:\/\/congresogro.gob.mx\/63\/inicio\/wp-json\/wp\/v2\/posts\/1716\/revisions\/1719"}],"wp:featuredmedia":[{"embeddable":true,"href":"https:\/\/congresogro.gob.mx\/63\/inicio\/wp-json\/wp\/v2\/media\/1718"}],"wp:attachment":[{"href":"https:\/\/congresogro.gob.mx\/63\/inicio\/wp-json\/wp\/v2\/media?parent=1716"}],"wp:term":[{"taxonomy":"category","embeddable":true,"href":"https:\/\/congresogro.gob.mx\/63\/inicio\/wp-json\/wp\/v2\/categories?post=1716"},{"taxonomy":"post_tag","embeddable":true,"href":"https:\/\/congresogro.gob.mx\/63\/inicio\/wp-json\/wp\/v2\/tags?post=1716"}],"curies":[{"name":"wp","href":"https:\/\/api.w.org\/{rel}","templated":true}]}}