{"id":1712,"date":"2022-01-11T12:19:06","date_gmt":"2022-01-11T18:19:06","guid":{"rendered":"https:\/\/congresogro.gob.mx\/63\/inicio\/?p=1712"},"modified":"2022-01-12T12:20:44","modified_gmt":"2022-01-12T18:20:44","slug":"la-diputada-gabriela-bernal-participa-en-la-reinstalacion-del-sistema-municipal-para-aerradicar-la-violencia-contra-las-mujeres-de-copanatoyac","status":"publish","type":"post","link":"https:\/\/congresogro.gob.mx\/63\/inicio\/2022\/01\/11\/la-diputada-gabriela-bernal-participa-en-la-reinstalacion-del-sistema-municipal-para-aerradicar-la-violencia-contra-las-mujeres-de-copanatoyac\/","title":{"rendered":"LA DIPUTADA GABRIELA BERNAL PARTICIPA EN LA REINSTALACI\u00d3N DEL SISTEMA MUNICIPAL PARA AERRADICAR LA VIOLENCIA CONTRA LAS MUJERES DE COPANATOYAC"},"content":{"rendered":"<p style=\"text-align: justify;\"><strong>Chilpancingo, Gro., 11 de enero de 2022<\/strong>.- La presidenta de la Comisi\u00f3n para la Igualdad de G\u00e9nero del Congreso del Estado, diputada Gabriela Bernal Res\u00e9ndiz, particip\u00f3 en la reinstalaci\u00f3n del Sistema Municipal para Prevenir, Atender, Sancionar y Erradicar la Violencia Contra las Mujeres, del municipio de Copanatoyac.<\/p>\n<p style=\"text-align: justify;\">Al asistir como invitada especial a dicho evento, la legisladora comparti\u00f3 su experiencia en los trabajos realizados en materia de igualdad de g\u00e9nero, empoderamiento de la mujer, as\u00ed como la importancia de defender los derechos de las ni\u00f1as y mujeres guerrerenses.<\/p>\n<p style=\"text-align: justify;\">Preocupada por el bienestar de las guerrerenses, la diputada Gabriela Bernal asegur\u00f3 que desde el Congreso del Estado todos los d\u00edas se trabaja para que \u00aben la monta\u00f1a y en todo Guerrero no se tolere ning\u00fan tipo violencia contra las mujeres y ni\u00f1as\u00bb puntualiz\u00f3.<\/p>\n<p style=\"text-align: justify;\">En dicho evento se cont\u00f3 con la participaci\u00f3n y el compromiso del alcalde de Copanatoyac, Eleuterio Reyes Calleja, as\u00ed como de los dem\u00e1s integrantes del cabildo municipal y las y los directores del citado ayuntamiento.<\/p>\n","protected":false},"excerpt":{"rendered":"<p>Chilpancingo, Gro., 11 de enero de 2022.- La presidenta de la Comisi\u00f3n para la Igualdad de G\u00e9nero del Congreso del Estado, diputada Gabriela Bernal Res\u00e9ndiz, particip\u00f3 en la reinstalaci\u00f3n del Sistema Municipal para Prevenir, Atender, Sancionar y Erradicar la Violencia Contra las Mujeres, del municipio de Copanatoyac. Al asistir como invitada especial a dicho evento,&#8230;<\/p>\n","protected":false},"author":1,"featured_media":1714,"comment_status":"closed","ping_status":"open","sticky":false,"template":"","format":"standard","meta":{"_monsterinsights_skip_tracking":false,"_monsterinsights_sitenote_active":false,"_monsterinsights_sitenote_note":"","_monsterinsights_sitenote_category":0,"footnotes":""},"categories":[3,42],"tags":[],"class_list":["post-1712","post","type-post","status-publish","format-standard","has-post-thumbnail","hentry","category-boletin","category-gabriela-bernal-resendiz"],"aioseo_notices":[],"_links":{"self":[{"href":"https:\/\/congresogro.gob.mx\/63\/inicio\/wp-json\/wp\/v2\/posts\/1712","targetHints":{"allow":["GET"]}}],"collection":[{"href":"https:\/\/congresogro.gob.mx\/63\/inicio\/wp-json\/wp\/v2\/posts"}],"about":[{"href":"https:\/\/congresogro.gob.mx\/63\/inicio\/wp-json\/wp\/v2\/types\/post"}],"author":[{"embeddable":true,"href":"https:\/\/congresogro.gob.mx\/63\/inicio\/wp-json\/wp\/v2\/users\/1"}],"replies":[{"embeddable":true,"href":"https:\/\/congresogro.gob.mx\/63\/inicio\/wp-json\/wp\/v2\/comments?post=1712"}],"version-history":[{"count":1,"href":"https:\/\/congresogro.gob.mx\/63\/inicio\/wp-json\/wp\/v2\/posts\/1712\/revisions"}],"predecessor-version":[{"id":1715,"href":"https:\/\/congresogro.gob.mx\/63\/inicio\/wp-json\/wp\/v2\/posts\/1712\/revisions\/1715"}],"wp:featuredmedia":[{"embeddable":true,"href":"https:\/\/congresogro.gob.mx\/63\/inicio\/wp-json\/wp\/v2\/media\/1714"}],"wp:attachment":[{"href":"https:\/\/congresogro.gob.mx\/63\/inicio\/wp-json\/wp\/v2\/media?parent=1712"}],"wp:term":[{"taxonomy":"category","embeddable":true,"href":"https:\/\/congresogro.gob.mx\/63\/inicio\/wp-json\/wp\/v2\/categories?post=1712"},{"taxonomy":"post_tag","embeddable":true,"href":"https:\/\/congresogro.gob.mx\/63\/inicio\/wp-json\/wp\/v2\/tags?post=1712"}],"curies":[{"name":"wp","href":"https:\/\/api.w.org\/{rel}","templated":true}]}}