{"id":1703,"date":"2022-01-10T10:05:29","date_gmt":"2022-01-10T16:05:29","guid":{"rendered":"https:\/\/congresogro.gob.mx\/63\/inicio\/?p=1703"},"modified":"2022-01-11T10:09:27","modified_gmt":"2022-01-11T16:09:27","slug":"agua-potable-y-alcantarillado-para-chilpancingo-jessica-alejo-rayo","status":"publish","type":"post","link":"https:\/\/congresogro.gob.mx\/63\/inicio\/2022\/01\/10\/agua-potable-y-alcantarillado-para-chilpancingo-jessica-alejo-rayo\/","title":{"rendered":"AGUA POTABLE Y ALCANTARILLADO PARA CHILPANCINGO: JESSICA ALEJO RAYO"},"content":{"rendered":"<p style=\"text-align: justify;\"><strong>Chilpancingo, Gro 10 de enero del 2022. &#8211;<\/strong> La diputada Jessica Ivette Alejo Rayo, inform\u00f3 que con la aprobaci\u00f3n del Presupuesto de Egresos 2022, habr\u00e1 mayores obras de desarrollo urbano y servicios p\u00fablicos, en beneficio de las y los ciudadanos de Chilpancingo.<\/p>\n<p style=\"text-align: justify;\">En entrevista, la legisladora inform\u00f3 que dentro de las obras destacadas que se realizar\u00e1n, est\u00e1 la rehabilitaci\u00f3n de los centros de bombeo de agua potable que abastecen a la capital del estado y con ello habr\u00e1 una mejor distribuci\u00f3n del esencial l\u00edquido en las diferentes colonias de la ciudad.<\/p>\n<p style=\"text-align: justify;\">Asimismo, inform\u00f3 que se etiquetaron recursos para la realizaci\u00f3n de obras para la reposici\u00f3n de la red de drenaje y alcantarillado con las que muchos asentamientos no cuentan.<\/p>\n<p style=\"text-align: justify;\">Alejo Rayo, destac\u00f3 la importancia de escuchar la opini\u00f3n ciudadana para puntualizar cu\u00e1les son las prioridades de la poblaci\u00f3n, sin embargo, reconoci\u00f3 que \u00abcada vez que se hace la distribuci\u00f3n del presupuesto, se quisiera abarcar todo, pero para poder ir resolviendo, se deben focalizar las obras prioritarias y de esa forma avanzar para que se pueda ver el cambio que se requiere\u00bb.<\/p>\n<p style=\"text-align: justify;\">La presidenta de la Comisi\u00f3n de Atenci\u00f3n a los Adultos Mayores, se\u00f1al\u00f3 que se podr\u00e1 avanzar en cuanto a desarrollo urbano en este a\u00f1o en el municipio de Chilpancingo, principalmente en el distrito que representa, y confi\u00f3 que para el 2023 se asignar\u00e1 un mejor presupuesto.<\/p>\n","protected":false},"excerpt":{"rendered":"<p>Chilpancingo, Gro 10 de enero del 2022. &#8211; La diputada Jessica Ivette Alejo Rayo, inform\u00f3 que con la aprobaci\u00f3n del Presupuesto de Egresos 2022, habr\u00e1 mayores obras de desarrollo urbano y servicios p\u00fablicos, en beneficio de las y los ciudadanos de Chilpancingo. En entrevista, la legisladora inform\u00f3 que dentro de las obras destacadas que se&#8230;<\/p>\n","protected":false},"author":1,"featured_media":1705,"comment_status":"closed","ping_status":"open","sticky":false,"template":"","format":"standard","meta":{"_monsterinsights_skip_tracking":false,"_monsterinsights_sitenote_active":false,"_monsterinsights_sitenote_note":"","_monsterinsights_sitenote_category":0,"footnotes":""},"categories":[3,10],"tags":[],"class_list":["post-1703","post","type-post","status-publish","format-standard","has-post-thumbnail","hentry","category-boletin","category-jessica-ivette-alejo-rayo"],"aioseo_notices":[],"_links":{"self":[{"href":"https:\/\/congresogro.gob.mx\/63\/inicio\/wp-json\/wp\/v2\/posts\/1703","targetHints":{"allow":["GET"]}}],"collection":[{"href":"https:\/\/congresogro.gob.mx\/63\/inicio\/wp-json\/wp\/v2\/posts"}],"about":[{"href":"https:\/\/congresogro.gob.mx\/63\/inicio\/wp-json\/wp\/v2\/types\/post"}],"author":[{"embeddable":true,"href":"https:\/\/congresogro.gob.mx\/63\/inicio\/wp-json\/wp\/v2\/users\/1"}],"replies":[{"embeddable":true,"href":"https:\/\/congresogro.gob.mx\/63\/inicio\/wp-json\/wp\/v2\/comments?post=1703"}],"version-history":[{"count":1,"href":"https:\/\/congresogro.gob.mx\/63\/inicio\/wp-json\/wp\/v2\/posts\/1703\/revisions"}],"predecessor-version":[{"id":1706,"href":"https:\/\/congresogro.gob.mx\/63\/inicio\/wp-json\/wp\/v2\/posts\/1703\/revisions\/1706"}],"wp:featuredmedia":[{"embeddable":true,"href":"https:\/\/congresogro.gob.mx\/63\/inicio\/wp-json\/wp\/v2\/media\/1705"}],"wp:attachment":[{"href":"https:\/\/congresogro.gob.mx\/63\/inicio\/wp-json\/wp\/v2\/media?parent=1703"}],"wp:term":[{"taxonomy":"category","embeddable":true,"href":"https:\/\/congresogro.gob.mx\/63\/inicio\/wp-json\/wp\/v2\/categories?post=1703"},{"taxonomy":"post_tag","embeddable":true,"href":"https:\/\/congresogro.gob.mx\/63\/inicio\/wp-json\/wp\/v2\/tags?post=1703"}],"curies":[{"name":"wp","href":"https:\/\/api.w.org\/{rel}","templated":true}]}}