{"id":1686,"date":"2022-01-05T16:00:14","date_gmt":"2022-01-05T22:00:14","guid":{"rendered":"https:\/\/congresogro.gob.mx\/63\/inicio\/?p=1686"},"modified":"2022-01-11T15:09:19","modified_gmt":"2022-01-11T21:09:19","slug":"historico-el-presupuesto-destinado-al-campo-guerrerense-sanchez-esquivel","status":"publish","type":"post","link":"https:\/\/congresogro.gob.mx\/63\/inicio\/2022\/01\/05\/historico-el-presupuesto-destinado-al-campo-guerrerense-sanchez-esquivel\/","title":{"rendered":"HIST\u00d3RICO EL PRESUPUESTO DESTINADO AL CAMPO GUERRERENSE: S\u00c1NCHEZ ESQUIVEL"},"content":{"rendered":"<p style=\"text-align: justify;\">\u00abSe logr\u00f3 un presupuesto hist\u00f3rico para el campo guerrerense\u00bb, as\u00ed lo manifest\u00f3 el presidente de la Junta de Coordinaci\u00f3n Pol\u00edtica del Congreso del Estado de Guerrero, Alfredo S\u00e1nchez Esquivel, en relaci\u00f3n a la aprobaci\u00f3n del Presupuesto de Egresos para el Ejercicio Fiscal 2022.<\/p>\n<p style=\"text-align: justify;\">El legislador dijo que el campo se ver\u00e1 beneficiado con este incremento y se traducir\u00e1 en apoyos para quienes se dedican a la ganader\u00eda,\u00a0 para la compra de sementales para el mejoramiento de la raza, y\u00a0 en el caso de los agricultores estos recursos se\u00a0 utilizar\u00e1n para el impulso a cultivos de ma\u00edz y frijol e incluso cultivos alternativos.<\/p>\n<p style=\"text-align: justify;\">S\u00e1nchez Esquivel resalt\u00f3 que el Gobierno del Estado, contar\u00e1 con un Fondo de Garant\u00eda\u00a0 y una l\u00ednea de cr\u00e9dito para el campo por m\u00e1s de 400 millones de pesos, recurso con el cual se podr\u00e1 comprar una cantidad importante de tractores, y\u00a0 tambi\u00e9n servir\u00e1 para invertir en la ganader\u00eda y fruticultura,\u00a0 apoyando a las mujeres y hombres del campo en la entidad.<\/p>\n<p style=\"text-align: justify;\">Refiri\u00f3 que el presupuesto fue distribuido de manera equitativa y responsable, tan es as\u00ed que otro rubro al que se le increment\u00f3 de manera considerable fue al sector salud, recursos con los cuales se realizar\u00e1 la conclusi\u00f3n y equipamiento de hospitales.<\/p>\n<p style=\"text-align: justify;\">Por \u00faltimo, el coordinador de las diputadas y diputados del Grupo Parlamentario de Morena, agreg\u00f3 que se tiene una importante asignaci\u00f3n de recursos dirigida para la atenci\u00f3n a las ni\u00f1as y ni\u00f1os de Guerrero, principalmente para aquellos que se encuentran en situaci\u00f3n de abandono o en condiciones donde se les violan sus derechos, para as\u00ed atenderlos y protegerlos, remarc\u00f3.<\/p>\n","protected":false},"excerpt":{"rendered":"<p>\u00abSe logr\u00f3 un presupuesto hist\u00f3rico para el campo guerrerense\u00bb, as\u00ed lo manifest\u00f3 el presidente de la Junta de Coordinaci\u00f3n Pol\u00edtica del Congreso del Estado de Guerrero, Alfredo S\u00e1nchez Esquivel, en relaci\u00f3n a la aprobaci\u00f3n del Presupuesto de Egresos para el Ejercicio Fiscal 2022. El legislador dijo que el campo se ver\u00e1 beneficiado con este incremento&#8230;<\/p>\n","protected":false},"author":1,"featured_media":1689,"comment_status":"closed","ping_status":"open","sticky":false,"template":"","format":"standard","meta":{"_monsterinsights_skip_tracking":false,"_monsterinsights_sitenote_active":false,"_monsterinsights_sitenote_note":"","_monsterinsights_sitenote_category":0,"footnotes":""},"categories":[4,3],"tags":[],"class_list":["post-1686","post","type-post","status-publish","format-standard","has-post-thumbnail","hentry","category-alfredo-sanchez-esquivel","category-boletin"],"aioseo_notices":[],"_links":{"self":[{"href":"https:\/\/congresogro.gob.mx\/63\/inicio\/wp-json\/wp\/v2\/posts\/1686","targetHints":{"allow":["GET"]}}],"collection":[{"href":"https:\/\/congresogro.gob.mx\/63\/inicio\/wp-json\/wp\/v2\/posts"}],"about":[{"href":"https:\/\/congresogro.gob.mx\/63\/inicio\/wp-json\/wp\/v2\/types\/post"}],"author":[{"embeddable":true,"href":"https:\/\/congresogro.gob.mx\/63\/inicio\/wp-json\/wp\/v2\/users\/1"}],"replies":[{"embeddable":true,"href":"https:\/\/congresogro.gob.mx\/63\/inicio\/wp-json\/wp\/v2\/comments?post=1686"}],"version-history":[{"count":2,"href":"https:\/\/congresogro.gob.mx\/63\/inicio\/wp-json\/wp\/v2\/posts\/1686\/revisions"}],"predecessor-version":[{"id":1710,"href":"https:\/\/congresogro.gob.mx\/63\/inicio\/wp-json\/wp\/v2\/posts\/1686\/revisions\/1710"}],"wp:featuredmedia":[{"embeddable":true,"href":"https:\/\/congresogro.gob.mx\/63\/inicio\/wp-json\/wp\/v2\/media\/1689"}],"wp:attachment":[{"href":"https:\/\/congresogro.gob.mx\/63\/inicio\/wp-json\/wp\/v2\/media?parent=1686"}],"wp:term":[{"taxonomy":"category","embeddable":true,"href":"https:\/\/congresogro.gob.mx\/63\/inicio\/wp-json\/wp\/v2\/categories?post=1686"},{"taxonomy":"post_tag","embeddable":true,"href":"https:\/\/congresogro.gob.mx\/63\/inicio\/wp-json\/wp\/v2\/tags?post=1686"}],"curies":[{"name":"wp","href":"https:\/\/api.w.org\/{rel}","templated":true}]}}