{"id":1637,"date":"2021-12-28T10:39:57","date_gmt":"2021-12-28T16:39:57","guid":{"rendered":"https:\/\/congresogro.gob.mx\/63\/inicio\/?p=1637"},"modified":"2021-12-29T10:41:27","modified_gmt":"2021-12-29T16:41:27","slug":"cumple-el-nombramiento-de-nueva-fiscal-con-todos-los-requisitos-legales-asegura-diputado-sanchez-esquivel","status":"publish","type":"post","link":"https:\/\/congresogro.gob.mx\/63\/inicio\/2021\/12\/28\/cumple-el-nombramiento-de-nueva-fiscal-con-todos-los-requisitos-legales-asegura-diputado-sanchez-esquivel\/","title":{"rendered":"CUMPLE EL NOMBRAMIENTO DE NUEVA FISCAL CON TODOS LOS REQUISITOS LEGALES, ASEGURA DIPUTADO S\u00c1NCHEZ ESQUIVEL"},"content":{"rendered":"<p><strong>Chilpancingo, Gr<\/strong><strong>o., 28 de diciembre de 2021<\/strong>.- El presidente de la Junta de Coordinaci\u00f3n Pol\u00edtica del Congreso del Estado, diputado Alfredo S\u00e1nchez Esquivel, refiri\u00f3 que el nombramiento de la Fiscal General del Estado, Teniente Coronel Sandra Luz Valdovinos Salmer\u00f3n, cumpli\u00f3 con los requisitos establecidos en la convocatoria y los estipulados en las leyes respectivas.<\/p>\n<p>En entrevista, ante la pregunta de si habr\u00e1 capacidad de la actual fiscal para resolver los asuntos de seguridad y procuraci\u00f3n de justicia en Guerrero, el legislador precis\u00f3: \u201cPrimero debemos dejarle trabajar para que demuestre su capacidad, su preparaci\u00f3n y, por supuesto, que entregue resultados\u201d.<\/p>\n<p>De antemano, extern\u00f3 que la nueva fiscal general es una \u201cguerrerense digna que merece tener la oportunidad de servir a su estado, como muchas otras mujeres deben tenerla, porque son valiosas, comprometidas, disciplinadas y honestas\u201d.<\/p>\n<p>Reiter\u00f3 que Valdovinos Salmer\u00f3n, adem\u00e1s de cumplir con todos y cada uno de los requisitos que marc\u00f3 la convocatoria, present\u00f3 su plan de trabajo y se apega a lo que establece el art\u00edculo 142 constitucional.<\/p>\n","protected":false},"excerpt":{"rendered":"<p>Chilpancingo, Gro., 28 de diciembre de 2021.- El presidente de la Junta de Coordinaci\u00f3n Pol\u00edtica del Congreso del Estado, diputado Alfredo S\u00e1nchez Esquivel, refiri\u00f3 que el nombramiento de la Fiscal General del Estado, Teniente Coronel Sandra Luz Valdovinos Salmer\u00f3n, cumpli\u00f3 con los requisitos establecidos en la convocatoria y los estipulados en las leyes respectivas. En&#8230;<\/p>\n","protected":false},"author":1,"featured_media":1639,"comment_status":"closed","ping_status":"open","sticky":false,"template":"","format":"standard","meta":{"_monsterinsights_skip_tracking":false,"_monsterinsights_sitenote_active":false,"_monsterinsights_sitenote_note":"","_monsterinsights_sitenote_category":0,"footnotes":""},"categories":[4,3],"tags":[],"class_list":["post-1637","post","type-post","status-publish","format-standard","has-post-thumbnail","hentry","category-alfredo-sanchez-esquivel","category-boletin"],"aioseo_notices":[],"_links":{"self":[{"href":"https:\/\/congresogro.gob.mx\/63\/inicio\/wp-json\/wp\/v2\/posts\/1637","targetHints":{"allow":["GET"]}}],"collection":[{"href":"https:\/\/congresogro.gob.mx\/63\/inicio\/wp-json\/wp\/v2\/posts"}],"about":[{"href":"https:\/\/congresogro.gob.mx\/63\/inicio\/wp-json\/wp\/v2\/types\/post"}],"author":[{"embeddable":true,"href":"https:\/\/congresogro.gob.mx\/63\/inicio\/wp-json\/wp\/v2\/users\/1"}],"replies":[{"embeddable":true,"href":"https:\/\/congresogro.gob.mx\/63\/inicio\/wp-json\/wp\/v2\/comments?post=1637"}],"version-history":[{"count":1,"href":"https:\/\/congresogro.gob.mx\/63\/inicio\/wp-json\/wp\/v2\/posts\/1637\/revisions"}],"predecessor-version":[{"id":1640,"href":"https:\/\/congresogro.gob.mx\/63\/inicio\/wp-json\/wp\/v2\/posts\/1637\/revisions\/1640"}],"wp:featuredmedia":[{"embeddable":true,"href":"https:\/\/congresogro.gob.mx\/63\/inicio\/wp-json\/wp\/v2\/media\/1639"}],"wp:attachment":[{"href":"https:\/\/congresogro.gob.mx\/63\/inicio\/wp-json\/wp\/v2\/media?parent=1637"}],"wp:term":[{"taxonomy":"category","embeddable":true,"href":"https:\/\/congresogro.gob.mx\/63\/inicio\/wp-json\/wp\/v2\/categories?post=1637"},{"taxonomy":"post_tag","embeddable":true,"href":"https:\/\/congresogro.gob.mx\/63\/inicio\/wp-json\/wp\/v2\/tags?post=1637"}],"curies":[{"name":"wp","href":"https:\/\/api.w.org\/{rel}","templated":true}]}}