{"id":1633,"date":"2021-12-28T10:37:36","date_gmt":"2021-12-28T16:37:36","guid":{"rendered":"https:\/\/congresogro.gob.mx\/63\/inicio\/?p=1633"},"modified":"2021-12-29T10:39:30","modified_gmt":"2021-12-29T16:39:30","slug":"rinde-protesta-ante-el-pleno-del-congreso-de-guerrero-la-nueva-titular-de-la-fiscalia-general-del-estado","status":"publish","type":"post","link":"https:\/\/congresogro.gob.mx\/63\/inicio\/2021\/12\/28\/rinde-protesta-ante-el-pleno-del-congreso-de-guerrero-la-nueva-titular-de-la-fiscalia-general-del-estado\/","title":{"rendered":"RINDE PROTESTA ANTE EL PLENO DEL CONGRESO DE GUERRERO LA NUEVA TITULAR DE LA FISCAL\u00cdA GENERAL DEL ESTADO"},"content":{"rendered":"<p><strong>Chilpancingo, Gr<\/strong><strong>o., 28 de diciembre de 2021<\/strong>.- Este martes ante el Pleno del Congreso de Guerrero rindi\u00f3 protesta al cargo y funciones de titular de la Fiscal\u00eda General del Estado (FGE) la Teniente Coronel Sandra Luz Valdovinos Salmer\u00f3n, designada conforme a sus facultades constitucionales por la jefa del Ejecutivo estatal, Maestra Evelyn Cecia Salgado Pineda.<\/p>\n<p>Al darse lectura ante el Pleno del oficio remitido por la mandataria estatal, se expuso que la Teniente Coronel fue avalada por la LXIII Legislatura entre la lista de 44 candidatos y candidatas aprobada el pasado 2 de diciembre.<\/p>\n<p>Adem\u00e1s, refiri\u00f3 que la designada re\u00fane los requisitos previstos en el art\u00edculo 111 de nuestra Constituci\u00f3n Pol\u00edtica, y como se corrobora en la documentaci\u00f3n que acompa\u00f1\u00f3 al oficio enviado por el Legislativo al Ejecutivo.<\/p>\n<p>Se mencion\u00f3 tambi\u00e9n que la Teniente Coronel Sandra Luz Valdovinos Salmer\u00f3n ha demostrado a lo largo de su trayectoria profesional contar con las cualidades necesarias para desempe\u00f1ar el cargo de Fiscal General del Estado, por lo que se conf\u00eda en que lo haga con diligencias, responsabilidad y vocaci\u00f3n de servicio en beneficio de Guerrero.<\/p>\n<p>Posterior a esto, la presidenta de la Mesa Directiva, diputada Flor A\u00f1orve Ocampo, design\u00f3 a una Comisi\u00f3n Legislativa de Cortes\u00eda para introducir a la designada al Sal\u00f3n de Sesiones y rendir la Protesta de Ley ante el Pleno, conforme facultan los art\u00edculos 61 fracci\u00f3n 18 y 113 de la Constituci\u00f3n Pol\u00edtica del Estado de Guerrero.<\/p>\n<p>La nueva titular de la FGE tiene el rango de Teniente Coronel con Licenciatura en Justicia Militar, y previo al encargo de hoy se desempe\u00f1\u00f3 como asesora jur\u00eddica de la Direcci\u00f3n General de Administraci\u00f3n de la Secretar\u00eda de la Defensa Nacional.<\/p>\n<p>El cargo para el que la C. Licenciada Sandra Luz Valdovinos Salmer\u00f3n fue nombrada tendr\u00e1 efectos a partir de esta fecha y durante 6 a\u00f1os improrrogables.<\/p>\n","protected":false},"excerpt":{"rendered":"<p>Chilpancingo, Gro., 28 de diciembre de 2021.- Este martes ante el Pleno del Congreso de Guerrero rindi\u00f3 protesta al cargo y funciones de titular de la Fiscal\u00eda General del Estado (FGE) la Teniente Coronel Sandra Luz Valdovinos Salmer\u00f3n, designada conforme a sus facultades constitucionales por la jefa del Ejecutivo estatal, Maestra Evelyn Cecia Salgado Pineda&#8230;.<\/p>\n","protected":false},"author":1,"featured_media":1635,"comment_status":"closed","ping_status":"open","sticky":false,"template":"","format":"standard","meta":{"_monsterinsights_skip_tracking":false,"_monsterinsights_sitenote_active":false,"_monsterinsights_sitenote_note":"","_monsterinsights_sitenote_category":0,"footnotes":""},"categories":[3],"tags":[],"class_list":["post-1633","post","type-post","status-publish","format-standard","has-post-thumbnail","hentry","category-boletin"],"aioseo_notices":[],"_links":{"self":[{"href":"https:\/\/congresogro.gob.mx\/63\/inicio\/wp-json\/wp\/v2\/posts\/1633","targetHints":{"allow":["GET"]}}],"collection":[{"href":"https:\/\/congresogro.gob.mx\/63\/inicio\/wp-json\/wp\/v2\/posts"}],"about":[{"href":"https:\/\/congresogro.gob.mx\/63\/inicio\/wp-json\/wp\/v2\/types\/post"}],"author":[{"embeddable":true,"href":"https:\/\/congresogro.gob.mx\/63\/inicio\/wp-json\/wp\/v2\/users\/1"}],"replies":[{"embeddable":true,"href":"https:\/\/congresogro.gob.mx\/63\/inicio\/wp-json\/wp\/v2\/comments?post=1633"}],"version-history":[{"count":1,"href":"https:\/\/congresogro.gob.mx\/63\/inicio\/wp-json\/wp\/v2\/posts\/1633\/revisions"}],"predecessor-version":[{"id":1636,"href":"https:\/\/congresogro.gob.mx\/63\/inicio\/wp-json\/wp\/v2\/posts\/1633\/revisions\/1636"}],"wp:featuredmedia":[{"embeddable":true,"href":"https:\/\/congresogro.gob.mx\/63\/inicio\/wp-json\/wp\/v2\/media\/1635"}],"wp:attachment":[{"href":"https:\/\/congresogro.gob.mx\/63\/inicio\/wp-json\/wp\/v2\/media?parent=1633"}],"wp:term":[{"taxonomy":"category","embeddable":true,"href":"https:\/\/congresogro.gob.mx\/63\/inicio\/wp-json\/wp\/v2\/categories?post=1633"},{"taxonomy":"post_tag","embeddable":true,"href":"https:\/\/congresogro.gob.mx\/63\/inicio\/wp-json\/wp\/v2\/tags?post=1633"}],"curies":[{"name":"wp","href":"https:\/\/api.w.org\/{rel}","templated":true}]}}