{"id":1627,"date":"2021-12-27T11:07:40","date_gmt":"2021-12-27T17:07:40","guid":{"rendered":"https:\/\/congresogro.gob.mx\/63\/inicio\/?p=1627"},"modified":"2021-12-28T11:11:15","modified_gmt":"2021-12-28T17:11:15","slug":"congreso-del-estado-aprueba-reformas-para-disminuir-el-pago-de-tenencia-vehicular-y-por-aclaraciones-en-el-registro-civil","status":"publish","type":"post","link":"https:\/\/congresogro.gob.mx\/63\/inicio\/2021\/12\/27\/congreso-del-estado-aprueba-reformas-para-disminuir-el-pago-de-tenencia-vehicular-y-por-aclaraciones-en-el-registro-civil\/","title":{"rendered":"CONGRESO DEL ESTADO APRUEBA REFORMAS PARA DISMINUIR EL PAGO DE TENENCIA VEHICULAR Y POR ACLARACIONES EN EL REGISTRO CIVIL"},"content":{"rendered":"<p style=\"text-align: justify;\"><strong>Chilpancingo, Gr<\/strong><strong>o., 27 de diciembre de 2021<\/strong>.- En la jornada legislativa de este lunes, el Pleno del Congreso del Estado aprob\u00f3 la iniciativa de decreto por medio del cual se reforman y adicionan diversas disposiciones de la Ley n\u00famero 419 de Hacienda del Estado de Guerrero, signada por la gobernadora Evelyn Cecia Salgado Pineda.<\/p>\n<p style=\"text-align: justify;\">Las reformas tienen por objeto armonizar el marco normativo en materia fiscal para que el pago de contribuciones sea proporcional y equitativo, acorde a la situaci\u00f3n econ\u00f3mica actual.<\/p>\n<p style=\"text-align: justify;\">Al fundamentar el dictamen a nombre de la Comisi\u00f3n de Hacienda, la diputada Beatriz Mojica Morga precis\u00f3 que la iniciativa en comento propone la disminuci\u00f3n en los pagos de tenencia vehicular y tr\u00e1mites del Registro Civil, debido a que las tarifas actuales se traducen en un impuesto excesivo que afecta la econom\u00eda popular.<\/p>\n<p style=\"text-align: justify;\">Abund\u00f3 que con esto las y los propietarios de veh\u00edculos pagar\u00e1n dicho impuesto en cantidades accesibles, sin lacerar sus ingresos econ\u00f3micos.<\/p>\n<p style=\"text-align: justify;\">En la iniciativa aprobada se aborda tambi\u00e9n la disminuci\u00f3n de costos en tr\u00e1mites relacionados con las actas del estado civil de las personas. \u201cEsta disminuci\u00f3n en los tr\u00e1mites y aclaraciones del Registro Civil son una acci\u00f3n ben\u00e9fica que ayuda en mucho a las personas de escasos recursos\u201d, apunt\u00f3 la legisladora.<\/p>\n<p style=\"text-align: justify;\">Mojica Morga indic\u00f3 que iniciativas como esta merecen la atenci\u00f3n oportuna del Congreso porque reflejan el inter\u00e9s de apoyar a los que menos tienen, en especial ahora en que la crisis provocada por la pandemia afect\u00f3 seriamente la econom\u00eda de las familias guerrerenses.<\/p>\n<p style=\"text-align: justify;\">Mencion\u00f3, adem\u00e1s, que hay la oportunidad de que quienes tienen emplacados sus autos en estados vecinos regresen a contribuir con su estado de Guerrero, al tiempo en que se dijo confiada de que los recursos que ingresen se manejen con total transparencia.<\/p>\n","protected":false},"excerpt":{"rendered":"<p>Chilpancingo, Gro., 27 de diciembre de 2021.- En la jornada legislativa de este lunes, el Pleno del Congreso del Estado aprob\u00f3 la iniciativa de decreto por medio del cual se reforman y adicionan diversas disposiciones de la Ley n\u00famero 419 de Hacienda del Estado de Guerrero, signada por la gobernadora Evelyn Cecia Salgado Pineda. Las&#8230;<\/p>\n","protected":false},"author":1,"featured_media":1629,"comment_status":"closed","ping_status":"open","sticky":false,"template":"","format":"standard","meta":{"_monsterinsights_skip_tracking":false,"_monsterinsights_sitenote_active":false,"_monsterinsights_sitenote_note":"","_monsterinsights_sitenote_category":0,"footnotes":""},"categories":[13,3],"tags":[],"class_list":["post-1627","post","type-post","status-publish","format-standard","has-post-thumbnail","hentry","category-beatriz-mojica-morga","category-boletin"],"aioseo_notices":[],"_links":{"self":[{"href":"https:\/\/congresogro.gob.mx\/63\/inicio\/wp-json\/wp\/v2\/posts\/1627","targetHints":{"allow":["GET"]}}],"collection":[{"href":"https:\/\/congresogro.gob.mx\/63\/inicio\/wp-json\/wp\/v2\/posts"}],"about":[{"href":"https:\/\/congresogro.gob.mx\/63\/inicio\/wp-json\/wp\/v2\/types\/post"}],"author":[{"embeddable":true,"href":"https:\/\/congresogro.gob.mx\/63\/inicio\/wp-json\/wp\/v2\/users\/1"}],"replies":[{"embeddable":true,"href":"https:\/\/congresogro.gob.mx\/63\/inicio\/wp-json\/wp\/v2\/comments?post=1627"}],"version-history":[{"count":1,"href":"https:\/\/congresogro.gob.mx\/63\/inicio\/wp-json\/wp\/v2\/posts\/1627\/revisions"}],"predecessor-version":[{"id":1630,"href":"https:\/\/congresogro.gob.mx\/63\/inicio\/wp-json\/wp\/v2\/posts\/1627\/revisions\/1630"}],"wp:featuredmedia":[{"embeddable":true,"href":"https:\/\/congresogro.gob.mx\/63\/inicio\/wp-json\/wp\/v2\/media\/1629"}],"wp:attachment":[{"href":"https:\/\/congresogro.gob.mx\/63\/inicio\/wp-json\/wp\/v2\/media?parent=1627"}],"wp:term":[{"taxonomy":"category","embeddable":true,"href":"https:\/\/congresogro.gob.mx\/63\/inicio\/wp-json\/wp\/v2\/categories?post=1627"},{"taxonomy":"post_tag","embeddable":true,"href":"https:\/\/congresogro.gob.mx\/63\/inicio\/wp-json\/wp\/v2\/tags?post=1627"}],"curies":[{"name":"wp","href":"https:\/\/api.w.org\/{rel}","templated":true}]}}