{"id":1596,"date":"2021-12-23T08:33:46","date_gmt":"2021-12-23T14:33:46","guid":{"rendered":"https:\/\/congresogro.gob.mx\/63\/inicio\/?p=1596"},"modified":"2021-12-27T10:31:44","modified_gmt":"2021-12-27T16:31:44","slug":"desarrolla-congreso-la-votacion-de-la-terna-de-aspirantes-a-titular-de-la-fiscalia-general-del-estado","status":"publish","type":"post","link":"https:\/\/congresogro.gob.mx\/63\/inicio\/2021\/12\/23\/desarrolla-congreso-la-votacion-de-la-terna-de-aspirantes-a-titular-de-la-fiscalia-general-del-estado\/","title":{"rendered":"DESARROLLA CONGRESO LA VOTACI\u00d3N DE LA TERNA DE ASPIRANTES A TITULAR DE LA FISCAL\u00cdA GENERAL DEL ESTADO"},"content":{"rendered":"<p style=\"text-align: justify;\"><strong>Chilpancingo, Gro., 23 de diciembre de 2021.-<\/strong> El Pleno del Congreso del Estado determin\u00f3 hacer del conocimiento a la titular del Poder Ejecutivo, Mtra. Evelyn Cecia Salgado Pineda, que de entre la terna de aspirantes a ocupar el cargo de titular de la Fiscal\u00eda General del Estado, ninguno de ellos reuni\u00f3 la votaci\u00f3n requerida para su designaci\u00f3n.<\/p>\n<p style=\"text-align: justify;\">Las y los diputados de la LXIII Legislatura desarrollaron la noche de este jueves el proceso de votaci\u00f3n de la terna enviada por la jefa del Ejecutivo, de conformidad con los plazos y bases de la convocatoria, proceso durante el cual ninguno de los profesionales del Derecho logr\u00f3 una votaci\u00f3n de las dos terceras del Congreso.<\/p>\n<p style=\"text-align: justify;\">De 45 legisladores presentes, 12 votos fueron en favor de la aspirante Anacleta L\u00f3pez Vega, 7 para Ludwig Marcial Reynoso N\u00fa\u00f1ez y 9 para Jos\u00e9 Luis Gallegos Peralta, mientras que 17 votos se declararon nulos.<\/p>\n<p style=\"text-align: justify;\">Tras esto, la presidenta de la Mesa Directiva, diputada Flor A\u00f1orve Ocampo, declar\u00f3 ante el Pleno que en virtud de no haberse alcanzado la votaci\u00f3n requerida por el numeral 4 del art\u00edculo 142 de la Constituci\u00f3n Pol\u00edtica local, se hiciera del conocimiento a la ciudadana gobernadora para los efectos conducentes.<\/p>\n<p style=\"text-align: justify;\">Este mismo d\u00eda se desarrollaron las comparecencias de los profesionales del Derecho ante la Junta de Coordinaci\u00f3n Pol\u00edtica y diputados integrantes de la LXIII Legislatura, donde dieron a conocer sus planes de trabajo y respondieron a diversas interrogantes de las y legisladores.<\/p>\n<p style=\"text-align: justify;\">El proceso de designaci\u00f3n de fiscal general del estado ser\u00e1 resuelto conforme lo establece el art\u00edculo 142 de la Constituci\u00f3n Pol\u00edtica del Estado Libre y Soberano de Guerrero.<\/p>\n<p style=\"text-align: justify;\">\n","protected":false},"excerpt":{"rendered":"<p>Chilpancingo, Gro., 23 de diciembre de 2021.- El Pleno del Congreso del Estado determin\u00f3 hacer del conocimiento a la titular del Poder Ejecutivo, Mtra. Evelyn Cecia Salgado Pineda, que de entre la terna de aspirantes a ocupar el cargo de titular de la Fiscal\u00eda General del Estado, ninguno de ellos reuni\u00f3 la votaci\u00f3n requerida para&#8230;<\/p>\n","protected":false},"author":1,"featured_media":1598,"comment_status":"closed","ping_status":"open","sticky":false,"template":"","format":"standard","meta":{"_monsterinsights_skip_tracking":false,"_monsterinsights_sitenote_active":false,"_monsterinsights_sitenote_note":"","_monsterinsights_sitenote_category":0,"footnotes":""},"categories":[3],"tags":[],"class_list":["post-1596","post","type-post","status-publish","format-standard","has-post-thumbnail","hentry","category-boletin"],"aioseo_notices":[],"_links":{"self":[{"href":"https:\/\/congresogro.gob.mx\/63\/inicio\/wp-json\/wp\/v2\/posts\/1596","targetHints":{"allow":["GET"]}}],"collection":[{"href":"https:\/\/congresogro.gob.mx\/63\/inicio\/wp-json\/wp\/v2\/posts"}],"about":[{"href":"https:\/\/congresogro.gob.mx\/63\/inicio\/wp-json\/wp\/v2\/types\/post"}],"author":[{"embeddable":true,"href":"https:\/\/congresogro.gob.mx\/63\/inicio\/wp-json\/wp\/v2\/users\/1"}],"replies":[{"embeddable":true,"href":"https:\/\/congresogro.gob.mx\/63\/inicio\/wp-json\/wp\/v2\/comments?post=1596"}],"version-history":[{"count":2,"href":"https:\/\/congresogro.gob.mx\/63\/inicio\/wp-json\/wp\/v2\/posts\/1596\/revisions"}],"predecessor-version":[{"id":1611,"href":"https:\/\/congresogro.gob.mx\/63\/inicio\/wp-json\/wp\/v2\/posts\/1596\/revisions\/1611"}],"wp:featuredmedia":[{"embeddable":true,"href":"https:\/\/congresogro.gob.mx\/63\/inicio\/wp-json\/wp\/v2\/media\/1598"}],"wp:attachment":[{"href":"https:\/\/congresogro.gob.mx\/63\/inicio\/wp-json\/wp\/v2\/media?parent=1596"}],"wp:term":[{"taxonomy":"category","embeddable":true,"href":"https:\/\/congresogro.gob.mx\/63\/inicio\/wp-json\/wp\/v2\/categories?post=1596"},{"taxonomy":"post_tag","embeddable":true,"href":"https:\/\/congresogro.gob.mx\/63\/inicio\/wp-json\/wp\/v2\/tags?post=1596"}],"curies":[{"name":"wp","href":"https:\/\/api.w.org\/{rel}","templated":true}]}}