{"id":1436,"date":"2021-12-10T17:26:25","date_gmt":"2021-12-10T23:26:25","guid":{"rendered":"https:\/\/congresogro.gob.mx\/63\/inicio\/?p=1436"},"modified":"2021-12-10T17:26:25","modified_gmt":"2021-12-10T23:26:25","slug":"concluye-el-congreso-del-estado-con-los-16-dias-de-activismo-contra-la-violencia-de-genero","status":"publish","type":"post","link":"https:\/\/congresogro.gob.mx\/63\/inicio\/2021\/12\/10\/concluye-el-congreso-del-estado-con-los-16-dias-de-activismo-contra-la-violencia-de-genero\/","title":{"rendered":"CONCLUYE EL CONGRESO DEL ESTADO CON LOS  \u201c16 D\u00cdAS DE ACTIVISMO CONTRA LA VIOLENCIA DE G\u00c9NERO\u201d"},"content":{"rendered":"<p style=\"text-align: justify;\"><strong>Chilpancingo, Gr<\/strong><strong>o., 10 de diciembre de 2021<\/strong>.- Este viernes 10 de diciembre, D\u00eda de los Derechos Humanos, la diputada Gabriela Bernal Res\u00e9ndiz particip\u00f3 en la conferencia \u201cDiscapacidad y G\u00e9nero\u201d organizada por la Universidad Aut\u00f3noma de Guerrero, donde emiti\u00f3 un mensaje para hablar de los retos que a\u00fan se enfrentan en Guerrero en relaci\u00f3n con este \u00e1mbito.<\/p>\n<p style=\"text-align: justify;\">La legisladora enfatiz\u00f3 la necesidad de adecuar y reforzar los marcos normativos para poder construir pol\u00edticas p\u00fablicas integrales e incluyentes que impacten positivamente entre la poblaci\u00f3n.<\/p>\n<p style=\"text-align: justify;\">Con este evento se dio por concluidas las actividades impulsadas por la Comisi\u00f3n Para la Igualdad de G\u00e9nero que preside la diputada Bernal Res\u00e9ndiz, iniciadas desde el pasado 23 de noviembre con el prop\u00f3sito de coadyuvar en la erradicaci\u00f3n de las distintas formas de violencia contra ni\u00f1as, adolescentes y mujeres adultas de Guerrero.<\/p>\n<p style=\"text-align: justify;\">La comisi\u00f3n legislativa la integran tambi\u00e9n las diputadas Gloria Citlali Calixto Jim\u00e9nez, secretaria, y como vocales Leticia Mosso Hern\u00e1ndez, Alicia Zamora Villalva y Patricia Doroteo Calder\u00f3n, y entre las actividades que se realizaron est\u00e1 la activaci\u00f3n en redes sociales de la campa\u00f1a \u201cPinta el mundo de naranja\u201d; la iluminaci\u00f3n de la sede del Poder Legislativo en color naranja, as\u00ed como la conferencia \u201cHe For She y Nuevas Masculinidades\u201d, dirigida a trabajadores y diputados del Congreso del Estado.<\/p>\n<p style=\"text-align: justify;\">Tambi\u00e9n se sostuvo una reuni\u00f3n con regidoras y directoras de Institutos de la Mujer en municipios de la entidad que tienen Alerta de G\u00e9nero para la instalaci\u00f3n de los Sistemas de Prevenci\u00f3n, Atenci\u00f3n, Sanci\u00f3n y Erradicaci\u00f3n de la Violencia Contra las Mujeres.<\/p>\n<p style=\"text-align: justify;\">Adem\u00e1s, la comisi\u00f3n sostuvo encuentros con los colectivos Red para el Avance Pol\u00edtico de las Mujeres, Aliadas por la Justicia y la Coordinaci\u00f3n de Estudios de G\u00e9nero de la Universidad Aut\u00f3noma de Guerrero (UAGro), donde se present\u00f3 el Primer Informe sobre violencia pol\u00edtica contra las mujeres en el proceso electoral 2020-2021 del Estado de Guerrero, por parte de la Red.<\/p>\n<p style=\"text-align: justify;\">Cabe mencionar que las legisladoras participaron en la reinstalaci\u00f3n y toma de protesta del Sistema Estatal para Prevenir, Atender, Sancionar y Erradicar la Violencia contra las Mujeres, que encabeza la gobernadora Evelyn Salgado Pineda, y del cual la presidenta de dicho \u00f3rgano legislativo forma parte, cuyo objetivo es impulsar acciones conjuntas entre los poderes del Estado y la sociedad para eliminar todo tipo de violencia contra ni\u00f1as, adolescentes y mujeres adultas.<\/p>\n","protected":false},"excerpt":{"rendered":"<p>Chilpancingo, Gro., 10 de diciembre de 2021.- Este viernes 10 de diciembre, D\u00eda de los Derechos Humanos, la diputada Gabriela Bernal Res\u00e9ndiz particip\u00f3 en la conferencia \u201cDiscapacidad y G\u00e9nero\u201d organizada por la Universidad Aut\u00f3noma de Guerrero, donde emiti\u00f3 un mensaje para hablar de los retos que a\u00fan se enfrentan en Guerrero en relaci\u00f3n con este&#8230;<\/p>\n","protected":false},"author":1,"featured_media":1438,"comment_status":"closed","ping_status":"open","sticky":false,"template":"","format":"standard","meta":{"_monsterinsights_skip_tracking":false,"_monsterinsights_sitenote_active":false,"_monsterinsights_sitenote_note":"","_monsterinsights_sitenote_category":0,"footnotes":""},"categories":[3,42],"tags":[],"class_list":["post-1436","post","type-post","status-publish","format-standard","has-post-thumbnail","hentry","category-boletin","category-gabriela-bernal-resendiz"],"aioseo_notices":[],"_links":{"self":[{"href":"https:\/\/congresogro.gob.mx\/63\/inicio\/wp-json\/wp\/v2\/posts\/1436","targetHints":{"allow":["GET"]}}],"collection":[{"href":"https:\/\/congresogro.gob.mx\/63\/inicio\/wp-json\/wp\/v2\/posts"}],"about":[{"href":"https:\/\/congresogro.gob.mx\/63\/inicio\/wp-json\/wp\/v2\/types\/post"}],"author":[{"embeddable":true,"href":"https:\/\/congresogro.gob.mx\/63\/inicio\/wp-json\/wp\/v2\/users\/1"}],"replies":[{"embeddable":true,"href":"https:\/\/congresogro.gob.mx\/63\/inicio\/wp-json\/wp\/v2\/comments?post=1436"}],"version-history":[{"count":1,"href":"https:\/\/congresogro.gob.mx\/63\/inicio\/wp-json\/wp\/v2\/posts\/1436\/revisions"}],"predecessor-version":[{"id":1439,"href":"https:\/\/congresogro.gob.mx\/63\/inicio\/wp-json\/wp\/v2\/posts\/1436\/revisions\/1439"}],"wp:featuredmedia":[{"embeddable":true,"href":"https:\/\/congresogro.gob.mx\/63\/inicio\/wp-json\/wp\/v2\/media\/1438"}],"wp:attachment":[{"href":"https:\/\/congresogro.gob.mx\/63\/inicio\/wp-json\/wp\/v2\/media?parent=1436"}],"wp:term":[{"taxonomy":"category","embeddable":true,"href":"https:\/\/congresogro.gob.mx\/63\/inicio\/wp-json\/wp\/v2\/categories?post=1436"},{"taxonomy":"post_tag","embeddable":true,"href":"https:\/\/congresogro.gob.mx\/63\/inicio\/wp-json\/wp\/v2\/tags?post=1436"}],"curies":[{"name":"wp","href":"https:\/\/api.w.org\/{rel}","templated":true}]}}