{"id":1405,"date":"2021-12-09T09:12:17","date_gmt":"2021-12-09T15:12:17","guid":{"rendered":"https:\/\/congresogro.gob.mx\/63\/inicio\/?p=1405"},"modified":"2021-12-10T09:13:47","modified_gmt":"2021-12-10T15:13:47","slug":"presentan-iniciativa-de-ley-de-consulta-de-los-pueblos-y-comunidades-indigenas-y-afromexicanos-del-estado-de-guerrero","status":"publish","type":"post","link":"https:\/\/congresogro.gob.mx\/63\/inicio\/2021\/12\/09\/presentan-iniciativa-de-ley-de-consulta-de-los-pueblos-y-comunidades-indigenas-y-afromexicanos-del-estado-de-guerrero\/","title":{"rendered":"PRESENTAN INICIATIVA DE LEY DE CONSULTA DE LOS PUEBLOS Y COMUNIDADES IND\u00cdGENAS Y AFROMEXICANOS DEL ESTADO DE GUERRERO"},"content":{"rendered":"<p style=\"text-align: justify;\"><strong>Chilpancingo, Gr<\/strong><strong>o., 09 de diciembre de 2021<\/strong>.- Para garantizar el acceso, ejercicio y respeto de los derechos de los pueblos y comunidades ind\u00edgenas y afromexicanos durante el desarrollo de proyectos y la implementaci\u00f3n de medidas administrativas o legislativas, la diputada Leticia Mosso Hern\u00e1ndez present\u00f3 una iniciativa de Ley de Consulta de los Pueblos y Comunidades Ind\u00edgenas y Afromexicanos del Estado de Guerrero.<\/p>\n<p style=\"text-align: justify;\">Al presentar su iniciativa en la sesi\u00f3n de este jueves, la diputada manifest\u00f3 que su propuesta incorpora los est\u00e1ndares m\u00e1s altos de protecci\u00f3n en materia de derechos humanos, vinculando a las autoridades para garantizar este derecho y proteger otros \u00edntimamente conectados, como el de propiedad colectiva, identidad cultural, medio ambiente sano, entre otros.<\/p>\n<p style=\"text-align: justify;\">Manifest\u00f3 que estos pueblos tienen derecho a la consulta y al consentimiento libre, previo e informado como una expresi\u00f3n de su libre determinaci\u00f3n y un instrumento de participaci\u00f3n democr\u00e1tico e incluyente para la toma de decisiones futuras en todos los asuntos que les ata\u00f1en, pero de manera especial cuando se prevean medidas legislativas o administrativas susceptibles de afectarles.<\/p>\n<p style=\"text-align: justify;\">La legisladora record\u00f3 que en semanas pasadas se presentaron las iniciativas de Ley de Consulta y la que Establece los Mecanismos de Consulta para los Pueblos Ind\u00edgenas y Afromexicanos, y que su propuesta tiene el af\u00e1n de coadyuvar y enriquecerlas, con base con la resoluci\u00f3n emitida por la Suprema Corte de Justicia de la Naci\u00f3n en la Acci\u00f3n de Inconstitucionalidad N\u00famero 299\/2020.<\/p>\n<p style=\"text-align: justify;\">\u201cSubo a esta Tribuna para poner en consideraci\u00f3n esta iniciativa con proyecto de Ley de Consulta de los Pueblos y Comunidades Ind\u00edgenas y Afromexicanas del Estado de Guerrero para contribuir a establecer los mecanismos id\u00f3neos que mandata la Suprema Corte de Justicia de la Naci\u00f3n y para lograr mejores niveles de bienestar de las y los ind\u00edgenas, protegiendo en todo momento el medio ambiente que los rodea y asegurando la preservaci\u00f3n de su cultura\u201d, abund\u00f3.<\/p>\n<p style=\"text-align: justify;\">Asimismo, se\u00f1al\u00f3 que es tiempo de que las y los ind\u00edgenas y afromexicanos tengan el respaldo de las autoridades, adem\u00e1s de apostarle al desarrollo con beneficios colectivos y no s\u00f3lo de particulares. \u201cNo podemos seguir soslayando la enorme necesidad de construir un presente que asegure su bienestar bajo un esquema donde las decisiones que les repercutir\u00e1n sean previamente consultadas, libres, informadas y de buena fe\u201d, remarc\u00f3.<\/p>\n<p style=\"text-align: justify;\">Refiri\u00f3 que el derecho a la consulta y a la libre autodeterminaci\u00f3n de los ind\u00edgenas y afromexicanos est\u00e1 reconocido en el Convenio 169 de la Organizaci\u00f3n Internacional del Trabajo sobre Pueblos Ind\u00edgenas y Tribales, as\u00ed como en el art\u00edculo 2\u00ba y 9 de la Constituci\u00f3n Pol\u00edtica de los Estados Unidos Mexicanos.<\/p>\n<p style=\"text-align: justify;\">En ese sentido, indic\u00f3 que la iniciativa propuesta tiene como objetivo principal reglamentar lo mandatado por los ordenamientos jur\u00eddicos y garantizar a los pueblos y comunidades ind\u00edgenas y afromexicanas un mecanismo de participaci\u00f3n democr\u00e1tica que les permita formar parte de las decisiones y pol\u00edticas que les afectan y que sin duda definen su futuro inmediato.<\/p>\n<p style=\"text-align: justify;\">\u201cLa consulta previa, libre e informada a los pueblos y comunidades ind\u00edgenas y afromexicanas de Guerrero es una forma de resarcir la deuda hist\u00f3rica que tenemos con ellos\u201d, apunt\u00f3.<\/p>\n","protected":false},"excerpt":{"rendered":"<p>Chilpancingo, Gro., 09 de diciembre de 2021.- Para garantizar el acceso, ejercicio y respeto de los derechos de los pueblos y comunidades ind\u00edgenas y afromexicanos durante el desarrollo de proyectos y la implementaci\u00f3n de medidas administrativas o legislativas, la diputada Leticia Mosso Hern\u00e1ndez present\u00f3 una iniciativa de Ley de Consulta de los Pueblos y Comunidades&#8230;<\/p>\n","protected":false},"author":1,"featured_media":1407,"comment_status":"closed","ping_status":"open","sticky":false,"template":"","format":"standard","meta":{"_monsterinsights_skip_tracking":false,"_monsterinsights_sitenote_active":false,"_monsterinsights_sitenote_note":"","_monsterinsights_sitenote_category":0,"footnotes":""},"categories":[3,30],"tags":[],"class_list":["post-1405","post","type-post","status-publish","format-standard","has-post-thumbnail","hentry","category-boletin","category-leticia-mosso-hernandez"],"aioseo_notices":[],"_links":{"self":[{"href":"https:\/\/congresogro.gob.mx\/63\/inicio\/wp-json\/wp\/v2\/posts\/1405","targetHints":{"allow":["GET"]}}],"collection":[{"href":"https:\/\/congresogro.gob.mx\/63\/inicio\/wp-json\/wp\/v2\/posts"}],"about":[{"href":"https:\/\/congresogro.gob.mx\/63\/inicio\/wp-json\/wp\/v2\/types\/post"}],"author":[{"embeddable":true,"href":"https:\/\/congresogro.gob.mx\/63\/inicio\/wp-json\/wp\/v2\/users\/1"}],"replies":[{"embeddable":true,"href":"https:\/\/congresogro.gob.mx\/63\/inicio\/wp-json\/wp\/v2\/comments?post=1405"}],"version-history":[{"count":1,"href":"https:\/\/congresogro.gob.mx\/63\/inicio\/wp-json\/wp\/v2\/posts\/1405\/revisions"}],"predecessor-version":[{"id":1408,"href":"https:\/\/congresogro.gob.mx\/63\/inicio\/wp-json\/wp\/v2\/posts\/1405\/revisions\/1408"}],"wp:featuredmedia":[{"embeddable":true,"href":"https:\/\/congresogro.gob.mx\/63\/inicio\/wp-json\/wp\/v2\/media\/1407"}],"wp:attachment":[{"href":"https:\/\/congresogro.gob.mx\/63\/inicio\/wp-json\/wp\/v2\/media?parent=1405"}],"wp:term":[{"taxonomy":"category","embeddable":true,"href":"https:\/\/congresogro.gob.mx\/63\/inicio\/wp-json\/wp\/v2\/categories?post=1405"},{"taxonomy":"post_tag","embeddable":true,"href":"https:\/\/congresogro.gob.mx\/63\/inicio\/wp-json\/wp\/v2\/tags?post=1405"}],"curies":[{"name":"wp","href":"https:\/\/api.w.org\/{rel}","templated":true}]}}