{"id":138,"date":"2021-09-06T04:39:26","date_gmt":"2021-09-06T04:39:26","guid":{"rendered":"https:\/\/congresogro.gob.mx\/63\/inicio\/?p=138"},"modified":"2021-09-08T17:26:11","modified_gmt":"2021-09-08T17:26:11","slug":"el-congreso-de-guerrero-debera-ser-un-parteaguas-para-la-gobernabilidad-del-estado-de-guerrero-flor-anorve","status":"publish","type":"post","link":"https:\/\/congresogro.gob.mx\/63\/inicio\/2021\/09\/06\/el-congreso-de-guerrero-debera-ser-un-parteaguas-para-la-gobernabilidad-del-estado-de-guerrero-flor-anorve\/","title":{"rendered":"EL CONGRESO DE GUERRERO DEBER\u00c1 SER UN PARTEAGUAS PARA LA GOBERNABILIDAD DEL ESTADO DE GUERRERO: FLOR A\u00d1ORVE"},"content":{"rendered":"<p style=\"text-align: justify;\"><strong>Chilpancingo; Gro., 06 de septiembre de 2021.-<\/strong> La presidenta de la Mesa Directiva de la LXIII Legislatura, diputada Flor A\u00f1orve Ocampo, manifest\u00f3 que el Congreso de Guerrero ser\u00e1 un parteaguas para la gobernabilidad del estado y coadyuvar\u00e1 para que en el quehacer gubernamental las cosas salgan bien, en beneficio de las y los guerrerenses.<\/p>\n<p style=\"text-align: justify;\">En entrevista, la diputada coment\u00f3 que todas y todos los legisladores est\u00e1n en la arm\u00f3nica postura de buscar mejoras para el bienestar y el desarrollo de Guerrero.<\/p>\n<p style=\"text-align: justify;\">\u201cEl Congreso tiene que ser el parteaguas de la gobernabilidad, ayudar para que todas las cosas salgan bien. Es aqu\u00ed, en este Poder Legislativo, donde tenemos que trabajar para que se vayan construyendo cosas importantes y de beneficio para la sociedad\u201d, reiter\u00f3.<\/p>\n<p style=\"text-align: justify;\">La legisladora originaria de Taxco de Alarc\u00f3n dijo que como presidenta de la Mesa su compromiso y responsabilidad ineludibles es trabajar para que las cosas salgan de la mejor manera y poder desahogar muchos asuntos pendientes y de relevancia para Guerrero, con la confianza en sus hom\u00f3logos de que habr\u00e1 una gran coordinaci\u00f3n y voluntad pol\u00edtica.<\/p>\n<p style=\"text-align: justify;\">Resalt\u00f3 que la anterior presidenta de la Mesa Directiva, Eunice Monz\u00f3n Garc\u00eda, le hizo una entrega-recepci\u00f3n \u201cmuy formal\u201d de todos los asuntos que han salido de Presidencia y a los que se les debe dar continuidad.<\/p>\n<p style=\"text-align: justify;\">Asimismo, manifest\u00f3 su benepl\u00e1cito porque por primera vez el Congreso local est\u00e1 integrado por 23 diputadas y 23 diputados, en acatamiento a la paridad de g\u00e9nero, y se pronunci\u00f3 en favor de que en los gobiernos municipales y el gobierno del estado tambi\u00e9n se tome en cuenta la participaci\u00f3n de la mujer.<\/p>\n<p style=\"text-align: justify;\">\u201cHemos trabajado por muchos a\u00f1os con el objeto de vivir este escenario in\u00e9dito en la vida pol\u00edtica de Guerrero; este logro es importante para todas las mujeres y seguiremos impulsando m\u00e1s beneficios para el sector\u201d, concluy\u00f3.<\/p>\n","protected":false},"excerpt":{"rendered":"<p>Chilpancingo; Gro., 06 de septiembre de 2021.- La presidenta de la Mesa Directiva de la LXIII Legislatura, diputada Flor A\u00f1orve Ocampo, manifest\u00f3 que el Congreso de Guerrero ser\u00e1 un parteaguas para la gobernabilidad del estado y coadyuvar\u00e1 para que en el quehacer gubernamental las cosas salgan bien, en beneficio de las y los guerrerenses. En&#8230;<\/p>\n","protected":false},"author":1,"featured_media":139,"comment_status":"closed","ping_status":"open","sticky":false,"template":"","format":"standard","meta":{"_monsterinsights_skip_tracking":false,"_monsterinsights_sitenote_active":false,"_monsterinsights_sitenote_note":"","_monsterinsights_sitenote_category":0,"footnotes":""},"categories":[3,8],"tags":[],"class_list":["post-138","post","type-post","status-publish","format-standard","has-post-thumbnail","hentry","category-boletin","category-flor-anorve-ocampo"],"aioseo_notices":[],"_links":{"self":[{"href":"https:\/\/congresogro.gob.mx\/63\/inicio\/wp-json\/wp\/v2\/posts\/138","targetHints":{"allow":["GET"]}}],"collection":[{"href":"https:\/\/congresogro.gob.mx\/63\/inicio\/wp-json\/wp\/v2\/posts"}],"about":[{"href":"https:\/\/congresogro.gob.mx\/63\/inicio\/wp-json\/wp\/v2\/types\/post"}],"author":[{"embeddable":true,"href":"https:\/\/congresogro.gob.mx\/63\/inicio\/wp-json\/wp\/v2\/users\/1"}],"replies":[{"embeddable":true,"href":"https:\/\/congresogro.gob.mx\/63\/inicio\/wp-json\/wp\/v2\/comments?post=138"}],"version-history":[{"count":1,"href":"https:\/\/congresogro.gob.mx\/63\/inicio\/wp-json\/wp\/v2\/posts\/138\/revisions"}],"predecessor-version":[{"id":140,"href":"https:\/\/congresogro.gob.mx\/63\/inicio\/wp-json\/wp\/v2\/posts\/138\/revisions\/140"}],"wp:featuredmedia":[{"embeddable":true,"href":"https:\/\/congresogro.gob.mx\/63\/inicio\/wp-json\/wp\/v2\/media\/139"}],"wp:attachment":[{"href":"https:\/\/congresogro.gob.mx\/63\/inicio\/wp-json\/wp\/v2\/media?parent=138"}],"wp:term":[{"taxonomy":"category","embeddable":true,"href":"https:\/\/congresogro.gob.mx\/63\/inicio\/wp-json\/wp\/v2\/categories?post=138"},{"taxonomy":"post_tag","embeddable":true,"href":"https:\/\/congresogro.gob.mx\/63\/inicio\/wp-json\/wp\/v2\/tags?post=138"}],"curies":[{"name":"wp","href":"https:\/\/api.w.org\/{rel}","templated":true}]}}