{"id":1326,"date":"2021-12-07T09:02:15","date_gmt":"2021-12-07T15:02:15","guid":{"rendered":"https:\/\/congresogro.gob.mx\/63\/inicio\/?p=1326"},"modified":"2021-12-08T09:30:59","modified_gmt":"2021-12-08T15:30:59","slug":"proponen-que-las-juntas-de-conciliacion-y-arbitraje-formen-parte-del-poder-judicial","status":"publish","type":"post","link":"https:\/\/congresogro.gob.mx\/63\/inicio\/2021\/12\/07\/proponen-que-las-juntas-de-conciliacion-y-arbitraje-formen-parte-del-poder-judicial\/","title":{"rendered":"PROPONEN QUE LAS JUNTAS DE CONCILIACI\u00d3N  Y ARBITRAJE FORMEN PARTE DEL PODER JUDICIAL"},"content":{"rendered":"<p style=\"text-align: justify;\"><strong>Chilpancingo, Gr<\/strong><strong>o., 07 de diciembre de 2021<\/strong>.- Para armonizar la legislaci\u00f3n local con la federal y que las juntas locales de Conciliaci\u00f3n y Arbitraje pasen a formar parte del Poder Judicial, otorg\u00e1ndose la facultad al Congreso de crear el Centro de Conciliaci\u00f3n Laboral, el diputado Carlos Cruz L\u00f3pez present\u00f3 una iniciativa de reformas a la Constituci\u00f3n Pol\u00edtica y a la Ley Org\u00e1nica del Poder Judicial del Estado de Guerrero.<\/p>\n<p style=\"text-align: justify;\">En la presentaci\u00f3n de la iniciativa, el diputado de Morena expuso que el 24 de febrero de 2017 en el Diario Oficial de la Federaci\u00f3n se publicaron reformas y adiciones a diversas disposiciones de los art\u00edculos 107 y 123 de la Constituci\u00f3n Pol\u00edtica de los Estados Unidos Mexicanos en materia de justicia laboral.<\/p>\n<div class=\"bt-video-container\"><iframe loading=\"lazy\" title=\"Intervenci\u00f3n del diputado Carlos Cruz L\u00f3pez 07-12-21\" width=\"1200\" height=\"675\" src=\"https:\/\/www.youtube.com\/embed\/mSqrftFIy6U?feature=oembed\" frameborder=\"0\" allow=\"accelerometer; autoplay; clipboard-write; encrypted-media; gyroscope; picture-in-picture\" allowfullscreen><\/iframe><\/div>\n<p style=\"text-align: justify;\">Indic\u00f3 que entre las modificaciones se encuentra que los tribunales laborales pasan a formar parte del Poder Judicial, con la representatividad tanto en materia de negociaci\u00f3n y materia sindical; creaci\u00f3n a nivel federal y local de los Centros de Conciliaci\u00f3n de Justicia Laboral y de un organismo p\u00fablico descentralizado, para registrar los contratos colectivos de los sindicatos en todo el pa\u00eds.<\/p>\n<p style=\"text-align: justify;\">Cruz L\u00f3pez record\u00f3 que si bien es cierto que el Poder Legislativo regul\u00f3 la creaci\u00f3n del Centro de Conciliaci\u00f3n Laboral, \u00e9ste no est\u00e1 considerado en la Constituci\u00f3n Pol\u00edtica local, aun cuando desde del mes de octubre de este a\u00f1o se cumpli\u00f3 el plazo para que las Juntas de Conciliaci\u00f3n y Arbitraje formaran parte del Poder Judicial local, \u201cincurriendo en desacato y negando el acceso a la justicia a los ciudadanos que necesiten de este servicio\u201d.<\/p>\n<p>&nbsp;<\/p>\n<p>[mc4wp_form id=\u00bb1332&#8243;]<\/p>\n","protected":false},"excerpt":{"rendered":"<p>Chilpancingo, Gro., 07 de diciembre de 2021.- Para armonizar la legislaci\u00f3n local con la federal y que las juntas locales de Conciliaci\u00f3n y Arbitraje pasen a formar parte del Poder Judicial, otorg\u00e1ndose la facultad al Congreso de crear el Centro de Conciliaci\u00f3n Laboral, el diputado Carlos Cruz L\u00f3pez present\u00f3 una iniciativa de reformas a la&#8230;<\/p>\n","protected":false},"author":1,"featured_media":1328,"comment_status":"closed","ping_status":"open","sticky":false,"template":"","format":"standard","meta":{"_monsterinsights_skip_tracking":false,"_monsterinsights_sitenote_active":false,"_monsterinsights_sitenote_note":"","_monsterinsights_sitenote_category":0,"footnotes":""},"categories":[3,26],"tags":[],"class_list":["post-1326","post","type-post","status-publish","format-standard","has-post-thumbnail","hentry","category-boletin","category-carlos-cruz-lopez"],"aioseo_notices":[],"_links":{"self":[{"href":"https:\/\/congresogro.gob.mx\/63\/inicio\/wp-json\/wp\/v2\/posts\/1326","targetHints":{"allow":["GET"]}}],"collection":[{"href":"https:\/\/congresogro.gob.mx\/63\/inicio\/wp-json\/wp\/v2\/posts"}],"about":[{"href":"https:\/\/congresogro.gob.mx\/63\/inicio\/wp-json\/wp\/v2\/types\/post"}],"author":[{"embeddable":true,"href":"https:\/\/congresogro.gob.mx\/63\/inicio\/wp-json\/wp\/v2\/users\/1"}],"replies":[{"embeddable":true,"href":"https:\/\/congresogro.gob.mx\/63\/inicio\/wp-json\/wp\/v2\/comments?post=1326"}],"version-history":[{"count":3,"href":"https:\/\/congresogro.gob.mx\/63\/inicio\/wp-json\/wp\/v2\/posts\/1326\/revisions"}],"predecessor-version":[{"id":1334,"href":"https:\/\/congresogro.gob.mx\/63\/inicio\/wp-json\/wp\/v2\/posts\/1326\/revisions\/1334"}],"wp:featuredmedia":[{"embeddable":true,"href":"https:\/\/congresogro.gob.mx\/63\/inicio\/wp-json\/wp\/v2\/media\/1328"}],"wp:attachment":[{"href":"https:\/\/congresogro.gob.mx\/63\/inicio\/wp-json\/wp\/v2\/media?parent=1326"}],"wp:term":[{"taxonomy":"category","embeddable":true,"href":"https:\/\/congresogro.gob.mx\/63\/inicio\/wp-json\/wp\/v2\/categories?post=1326"},{"taxonomy":"post_tag","embeddable":true,"href":"https:\/\/congresogro.gob.mx\/63\/inicio\/wp-json\/wp\/v2\/tags?post=1326"}],"curies":[{"name":"wp","href":"https:\/\/api.w.org\/{rel}","templated":true}]}}