{"id":1321,"date":"2021-12-07T09:00:43","date_gmt":"2021-12-07T15:00:43","guid":{"rendered":"https:\/\/congresogro.gob.mx\/63\/inicio\/?p=1321"},"modified":"2021-12-08T09:10:04","modified_gmt":"2021-12-08T15:10:04","slug":"plantean-que-comision-legislativa-se-integre-al-consejo-estatal-para-la-integracion-social-de-las-personas-con-discapacidad","status":"publish","type":"post","link":"https:\/\/congresogro.gob.mx\/63\/inicio\/2021\/12\/07\/plantean-que-comision-legislativa-se-integre-al-consejo-estatal-para-la-integracion-social-de-las-personas-con-discapacidad\/","title":{"rendered":"PLANTEAN QUE COMISI\u00d3N LEGISLATIVA SE INTEGRE AL CONSEJO ESTATAL PARA LA INTEGRACI\u00d3N SOCIAL DE LAS PERSONAS CON DISCAPACIDAD"},"content":{"rendered":"<p style=\"text-align: justify;\"><strong>Chilpancingo, Gr<\/strong><strong>o., 07 de diciembre de 2021<\/strong>.- La diputada Elzy Camacho Pineda propuso reformar la Ley para las Personas con Discapacidad del Estado de Guerrero e incorporar, en sustituci\u00f3n de la Mesa Directiva, la participaci\u00f3n de la comisi\u00f3n legislativa del ramo en el Consejo Estatal para la Integraci\u00f3n Social de las Personas con Discapacidad.<\/p>\n<p style=\"text-align: justify;\">En su exposici\u00f3n de motivos, Camacho Pineda refiere que el objetivo de esta ley es establecer las bases que permitan la plena inclusi\u00f3n de las personas con discapacidad, en un marco de igualdad y\/o de equiparaci\u00f3n de oportunidades, en todos los \u00e1mbitos de la vida.<\/p>\n<p style=\"text-align: justify;\">Asimismo, se reconoce a las personas con discapacidad sus derechos humanos y mandata el establecimiento de las pol\u00edticas p\u00fablicas necesarias para su pleno ejercicio y protecci\u00f3n.<\/p>\n<div class=\"bt-video-container\"><iframe loading=\"lazy\" title=\"Intervenci\u00f3n de la diputada Elzy Camacho Pineda.\" width=\"1200\" height=\"675\" src=\"https:\/\/www.youtube.com\/embed\/OGP9mL4_NLk?feature=oembed\" frameborder=\"0\" allow=\"accelerometer; autoplay; clipboard-write; encrypted-media; gyroscope; picture-in-picture\" allowfullscreen><\/iframe><\/div>\n<p style=\"text-align: justify;\">En lo relativo a la generaci\u00f3n y aplicaci\u00f3n de pol\u00edticas p\u00fablicas orientadas a este sector, se estableci\u00f3 la creaci\u00f3n de un Consejo Estatal para la Integraci\u00f3n Social de las Personas con Discapacidad, \u00f3rgano honor\u00edfico de asesor\u00eda, consulta y promoci\u00f3n de los programas y pol\u00edticas destinados a su protecci\u00f3n, bienestar y desarrollo.<\/p>\n<p style=\"text-align: justify;\">A\u00f1adi\u00f3 la legisladora que dicho consejo es un instrumento permanente de coordinaci\u00f3n intersecretarial e institucional que tiene por objeto contribuir al establecimiento de una pol\u00edtica de Estado en la materia, as\u00ed como promover, apoyar, fomentar, vigilar y evaluar las acciones, estrategias y programas derivados de la ley.<\/p>\n<p style=\"text-align: justify;\">Detall\u00f3 que este Consejo est\u00e1 integrado, entre otras instituciones, por la o el presidente de la Mesa Directiva del Congreso del Estado, y \u201csi bien es cierto que la Ley Org\u00e1nica del Poder Legislativo se\u00f1ala que quien presida la Mesa Directiva tendr\u00e1 la representaci\u00f3n de este Poder ante las instancias gubernamentales y jurisdiccionales, la generaci\u00f3n de los trabajos legislativos se da al interior de las comisiones y comit\u00e9s ordinarios, que son los organismos legalmente facultados para ello\u201d.<\/p>\n<p style=\"text-align: justify;\">Por lo anterior, Camacho Pineda plantea que sea la o el presidente de la Comisi\u00f3n de Atenci\u00f3n a las Personas con Discapacidad quien integre el Consejo Estatal citado, mismo que atender\u00e1 los asuntos relativos a la implementaci\u00f3n de pol\u00edticas p\u00fablicas por el Ejecutivo estatal que beneficien al sector.<\/p>\n<p style=\"text-align: justify;\">Adem\u00e1s, para contribuir en la creaci\u00f3n de programas de educaci\u00f3n especial y tratamiento espec\u00edfico que rehabilite a ni\u00f1os, ni\u00f1as, adolescentes y j\u00f3venes con discapacidad, as\u00ed como impulsar programas de salud tendentes a la detecci\u00f3n, diagn\u00f3stico, prevenci\u00f3n y tratamiento de cualquier tipo de discapacidad, vigilando el estricto cumplimiento de los ya existentes, entre otros.<\/p>\n<p style=\"text-align: justify;\">Dicha iniciativa de reforma la fracci\u00f3n III del art\u00edculo 10 de la Ley Para las Personas con Discapacidad se turn\u00f3 a la Comisi\u00f3n de Atenci\u00f3n a las Personas con Discapacidad, para su an\u00e1lisis y emisi\u00f3n del dictamen correspondiente.<\/p>\n","protected":false},"excerpt":{"rendered":"<p>Chilpancingo, Gro., 07 de diciembre de 2021.- La diputada Elzy Camacho Pineda propuso reformar la Ley para las Personas con Discapacidad del Estado de Guerrero e incorporar, en sustituci\u00f3n de la Mesa Directiva, la participaci\u00f3n de la comisi\u00f3n legislativa del ramo en el Consejo Estatal para la Integraci\u00f3n Social de las Personas con Discapacidad. En&#8230;<\/p>\n","protected":false},"author":1,"featured_media":1323,"comment_status":"closed","ping_status":"open","sticky":false,"template":"","format":"standard","meta":{"_monsterinsights_skip_tracking":false,"_monsterinsights_sitenote_active":false,"_monsterinsights_sitenote_note":"","_monsterinsights_sitenote_category":0,"footnotes":""},"categories":[3,14],"tags":[],"class_list":["post-1321","post","type-post","status-publish","format-standard","has-post-thumbnail","hentry","category-boletin","category-elzy-camacho-pineda"],"aioseo_notices":[],"_links":{"self":[{"href":"https:\/\/congresogro.gob.mx\/63\/inicio\/wp-json\/wp\/v2\/posts\/1321","targetHints":{"allow":["GET"]}}],"collection":[{"href":"https:\/\/congresogro.gob.mx\/63\/inicio\/wp-json\/wp\/v2\/posts"}],"about":[{"href":"https:\/\/congresogro.gob.mx\/63\/inicio\/wp-json\/wp\/v2\/types\/post"}],"author":[{"embeddable":true,"href":"https:\/\/congresogro.gob.mx\/63\/inicio\/wp-json\/wp\/v2\/users\/1"}],"replies":[{"embeddable":true,"href":"https:\/\/congresogro.gob.mx\/63\/inicio\/wp-json\/wp\/v2\/comments?post=1321"}],"version-history":[{"count":2,"href":"https:\/\/congresogro.gob.mx\/63\/inicio\/wp-json\/wp\/v2\/posts\/1321\/revisions"}],"predecessor-version":[{"id":1330,"href":"https:\/\/congresogro.gob.mx\/63\/inicio\/wp-json\/wp\/v2\/posts\/1321\/revisions\/1330"}],"wp:featuredmedia":[{"embeddable":true,"href":"https:\/\/congresogro.gob.mx\/63\/inicio\/wp-json\/wp\/v2\/media\/1323"}],"wp:attachment":[{"href":"https:\/\/congresogro.gob.mx\/63\/inicio\/wp-json\/wp\/v2\/media?parent=1321"}],"wp:term":[{"taxonomy":"category","embeddable":true,"href":"https:\/\/congresogro.gob.mx\/63\/inicio\/wp-json\/wp\/v2\/categories?post=1321"},{"taxonomy":"post_tag","embeddable":true,"href":"https:\/\/congresogro.gob.mx\/63\/inicio\/wp-json\/wp\/v2\/tags?post=1321"}],"curies":[{"name":"wp","href":"https:\/\/api.w.org\/{rel}","templated":true}]}}